{"id":109943,"date":"2019-09-12T02:42:38","date_gmt":"2019-09-12T00:42:38","guid":{"rendered":"https:\/\/theworldwidejournal.com\/2019\/09\/12\/podemos-valora-una-oferta-inferior-a-la-de-julio-para-que-sanchez-ceda-y-evitar-otras-elecciones\/"},"modified":"2019-09-12T02:42:38","modified_gmt":"2019-09-12T00:42:38","slug":"podemos-valora-una-oferta-inferior-a-la-de-julio-para-que-sanchez-ceda-y-evitar-otras-elecciones","status":"publish","type":"post","link":"https:\/\/theworldwidejournal.com\/?p=109943","title":{"rendered":"Podemos valora una oferta inferior a la de julio para que S\u00e1nchez ceda y evitar otras elecciones"},"content":{"rendered":"<p>En Podemos est\u00e1n dispuestos a aceptar una oferta rebajada a la ofrecida por el PSOE en julio para arrinconar as\u00ed al presidente del Gobierno en funciones, Pedro S\u00e1nchez, y evitar que se repitan las elecciones generales el pr\u00f3ximo 10 de noviembre. El grupo confederal busca a contra reloj debilidades en la estrategia del PSOE para lograr un acuerdo de coalici\u00f3n. Y el escenario mencionado gana fuerza en el equipo negociador morado para presionarles. Desde el grupo parlamentario aseguran que en el tiempo que queda van a pon\u00e9rselo \u00abmuy f\u00e1cil\u00bb a S\u00e1nchez y admiten que est\u00e1n dispuestos a asumir una propuesta de coalici\u00f3n en la que la proporci\u00f3n de responsabilidades para Unidas Podemos \u00absea inferior\u00bb a las recogidas en la vicepresidencia social y los tres ministerios (Sanidad, Vivienda e Igualdad) ofrecidos por el PSOE en julio. \u00abNos hicieron una propuesta y nosotros otra. Si nos sentamos a negociar, podemos llegar a un acuerdo que no ser\u00e1 satisfactorio para nosotros ni para ustedes , pero ser\u00e1 bueno para la ciudadan\u00eda\u00bb, propuso Pablo Iglesias a S\u00e1nchez, ayer en la tribuna del Congreso. Desde el n\u00facleo duro de Iglesias insisten en que deben formar parte del pr\u00f3ximo Consejo de Ministros. Es decir, para ellos o hay Ejecutivo bicolor (ahora a la baja) o hay elecciones. Por lo que seguir\u00e1n negociando hasta \u00abel \u00faltimo momento\u00bb para evitar cargar con el sambenito de la repetici\u00f3n electoral. El l\u00edder de Podemos tiene la esperanza de que si sigue presionando S\u00e1nchez le lanzar\u00e1 una oferta de coalici\u00f3n \u00abin extremis\u00bb ante el v\u00e9rtigo de tener que volver a las urnas. Que no sea \u00abhumillante\u00bb Sin embargo, en el seno de Podemos preocupa que esta oferta sea \u00abhumillante\u00bb o, dicho en otras palabras, vuelva a carecer de competencias. Desde el partido sugieren incluso que estar\u00edan abiertos a renunciar a las pol\u00edticas activas de Empleo y de Transici\u00f3n Ecol\u00f3gica si el PSOE les concede ministerios en los que poder desarrollar \u00abuna o dos pol\u00edticas\u00bb. Ser\u00e1 cuesti\u00f3n de sentarse a negociar desde el punto donde lo dejamos en julio, dicen, pero no aceptar\u00e1n departamentos estancos. Asimismo, Podemos revela que durante la reuni\u00f3n de anteayer s\u00ed hubo \u00abactitud\u00bb por parte de los socialistas para intentar llegar a un \u00abpunto medio\u00bb, pero al final se descart\u00f3 porque ambas fuerzas fueron conscientes de la dificultad. Los morados explican que en este asunto no ven grises: o es un Gobierno de coalici\u00f3n o no. Y el PSOE igual. \u00abSer\u00eda de una enorme irresponsabilidad. El pa\u00eds necesita estabilidad y eso se lo da una coalici\u00f3n que tenga m\u00e1s esca\u00f1os que los esca\u00f1os de la derecha\u00bb, subray\u00f3 antes del Pleno la portavoz de Unidas Podemos, Ione Belarra, en Cadena Ser. A pesar de que el PSOE dio por rotas las negociaciones despu\u00e9s de dos reuniones fallidas (casi nueve horas en total) entre las comisiones negociadoras, ayer Iglesias tendi\u00f3 una mano a S\u00e1nchez para intentar revivir el di\u00e1logo. Iglesias llamar\u00e1 a S\u00e1nchez \u00ab\u00bfSabe cu\u00e1ntas veces me ha llamado por tel\u00e9fono desde la investidura fallida? Cero (&#8230;) \u00bfUsted cree que es serio que desde la investidura fallida no hayamos hablado por tel\u00e9fono ni una sola vez?\u00bb, expres\u00f3 Iglesias; que luego apuntal\u00f3: \u00abTendr\u00e9 que llamarle yo\u00bb. Iglesias busca reunirse con S\u00e1nchez porque, como revel\u00f3 en una entrevista en RT esta semana , considera que fue un \u00aberror\u00bb no haber negociado cara a cara con S\u00e1nchez durante la investidura fallida de julio. Los dos secretarios generales llevan sin hablar desde el pasado 20 de agosto, cuando Iglesias le env\u00edo por Whatsapp un acuerdo program\u00e1tico y cuatro alternativas para el encaje de Unidas Podemos en el Gobierno. Dos pares de posibilidades que hoy asumen como muy improbables por la negativa del PSOE.<br \/>\nVia: <a href=\"https:\/\/www.abc.es\/espana\/abci-podemos-valora-oferta-inferior-julio-para-sanchez-ceda-y-evitar-otras-elecciones-201909120242_noticia.html\" target=\"_blank\">Podemos valora una oferta inferior a la de julio para que S\u00e1nchez ceda y evitar otras elecciones<\/a><\/p>\n","protected":false},"excerpt":{"rendered":"<p>En Podemos est\u00e1n dispuestos a aceptar una oferta rebajada a la ofrecida por el PSOE en julio para arrinconar as\u00ed al presidente del Gobierno en funciones, Pedro S\u00e1nchez, y evitar que se repitan las elecciones generales el pr\u00f3ximo 10 de noviembre. El grupo confederal busca a contra reloj debilidades en [&hellip;]<\/p>\n","protected":false},"author":2,"featured_media":109944,"comment_status":"open","ping_status":"closed","sticky":false,"template":"","format":"standard","meta":{"footnotes":""},"categories":[6],"tags":[],"class_list":["post-109943","post","type-post","status-publish","format-standard","has-post-thumbnail","hentry","category-spanish"],"_links":{"self":[{"href":"https:\/\/theworldwidejournal.com\/index.php?rest_route=\/wp\/v2\/posts\/109943","targetHints":{"allow":["GET"]}}],"collection":[{"href":"https:\/\/theworldwidejournal.com\/index.php?rest_route=\/wp\/v2\/posts"}],"about":[{"href":"https:\/\/theworldwidejournal.com\/index.php?rest_route=\/wp\/v2\/types\/post"}],"author":[{"embeddable":true,"href":"https:\/\/theworldwidejournal.com\/index.php?rest_route=\/wp\/v2\/users\/2"}],"replies":[{"embeddable":true,"href":"https:\/\/theworldwidejournal.com\/index.php?rest_route=%2Fwp%2Fv2%2Fcomments&post=109943"}],"version-history":[{"count":0,"href":"https:\/\/theworldwidejournal.com\/index.php?rest_route=\/wp\/v2\/posts\/109943\/revisions"}],"wp:featuredmedia":[{"embeddable":true,"href":"https:\/\/theworldwidejournal.com\/index.php?rest_route=\/wp\/v2\/media\/109944"}],"wp:attachment":[{"href":"https:\/\/theworldwidejournal.com\/index.php?rest_route=%2Fwp%2Fv2%2Fmedia&parent=109943"}],"wp:term":[{"taxonomy":"category","embeddable":true,"href":"https:\/\/theworldwidejournal.com\/index.php?rest_route=%2Fwp%2Fv2%2Fcategories&post=109943"},{"taxonomy":"post_tag","embeddable":true,"href":"https:\/\/theworldwidejournal.com\/index.php?rest_route=%2Fwp%2Fv2%2Ftags&post=109943"}],"curies":[{"name":"wp","href":"https:\/\/api.w.org\/{rel}","templated":true}]}}