{"id":109963,"date":"2019-09-12T13:47:31","date_gmt":"2019-09-12T11:47:31","guid":{"rendered":"https:\/\/theworldwidejournal.com\/2019\/09\/12\/a-lassemblee-des-deputes-deplorent-les-degats-politiques-provoques-par-laffaire-ferrand\/"},"modified":"2019-09-12T13:47:31","modified_gmt":"2019-09-12T11:47:31","slug":"a-lassemblee-des-deputes-deplorent-les-degats-politiques-provoques-par-laffaire-ferrand","status":"publish","type":"post","link":"https:\/\/theworldwidejournal.com\/?p=109963","title":{"rendered":"A l\u2019Assembl\u00e9e, des d\u00e9put\u00e9s d\u00e9plorent les d\u00e9g\u00e2ts politiques provoqu\u00e9s par l\u2019affaire Ferrand"},"content":{"rendered":"<p>L\u2019opposition craint que la mise en examen de Richard Ferrand ne renforce encore l\u2019antiparlementarisme, tandis que les d\u00e9put\u00e9s de la majorit\u00e9 soutiennent le pr\u00e9sident de l\u2019Assembl\u00e9e nationale.<br \/>\nVia: <a href=\"https:\/\/www.lemonde.fr\/politique\/article\/2019\/09\/12\/affaire-ferrand-politiquement-est-ce-tenable_5509584_823448.html\" target=\"_blank\">A l\u2019Assembl\u00e9e, des d\u00e9put\u00e9s d\u00e9plorent les d\u00e9g\u00e2ts politiques provoqu\u00e9s par l\u2019affaire Ferrand<\/a><\/p>\n","protected":false},"excerpt":{"rendered":"<p>L\u2019opposition craint que la mise en examen de Richard Ferrand ne renforce encore l\u2019antiparlementarisme, tandis que les d\u00e9put\u00e9s de la majorit\u00e9 soutiennent le pr\u00e9sident de l\u2019Assembl\u00e9e nationale. Via: A l\u2019Assembl\u00e9e, des d\u00e9put\u00e9s d\u00e9plorent les d\u00e9g\u00e2ts politiques provoqu\u00e9s par l\u2019affaire Ferrand<\/p>\n","protected":false},"author":2,"featured_media":0,"comment_status":"open","ping_status":"closed","sticky":false,"template":"","format":"standard","meta":{"footnotes":""},"categories":[4],"tags":[],"class_list":["post-109963","post","type-post","status-publish","format-standard","hentry","category-french"],"_links":{"self":[{"href":"https:\/\/theworldwidejournal.com\/index.php?rest_route=\/wp\/v2\/posts\/109963","targetHints":{"allow":["GET"]}}],"collection":[{"href":"https:\/\/theworldwidejournal.com\/index.php?rest_route=\/wp\/v2\/posts"}],"about":[{"href":"https:\/\/theworldwidejournal.com\/index.php?rest_route=\/wp\/v2\/types\/post"}],"author":[{"embeddable":true,"href":"https:\/\/theworldwidejournal.com\/index.php?rest_route=\/wp\/v2\/users\/2"}],"replies":[{"embeddable":true,"href":"https:\/\/theworldwidejournal.com\/index.php?rest_route=%2Fwp%2Fv2%2Fcomments&post=109963"}],"version-history":[{"count":0,"href":"https:\/\/theworldwidejournal.com\/index.php?rest_route=\/wp\/v2\/posts\/109963\/revisions"}],"wp:attachment":[{"href":"https:\/\/theworldwidejournal.com\/index.php?rest_route=%2Fwp%2Fv2%2Fmedia&parent=109963"}],"wp:term":[{"taxonomy":"category","embeddable":true,"href":"https:\/\/theworldwidejournal.com\/index.php?rest_route=%2Fwp%2Fv2%2Fcategories&post=109963"},{"taxonomy":"post_tag","embeddable":true,"href":"https:\/\/theworldwidejournal.com\/index.php?rest_route=%2Fwp%2Fv2%2Ftags&post=109963"}],"curies":[{"name":"wp","href":"https:\/\/api.w.org\/{rel}","templated":true}]}}