{"id":10997,"date":"2017-10-15T14:58:26","date_gmt":"2017-10-15T12:58:26","guid":{"rendered":"https:\/\/theworldwidejournal.com\/2017\/10\/15\/el-papa-canoniza-a-faustino-miguez-pionero-de-la-educacion-femenina\/"},"modified":"2017-10-15T14:58:26","modified_gmt":"2017-10-15T12:58:26","slug":"el-papa-canoniza-a-faustino-miguez-pionero-de-la-educacion-femenina","status":"publish","type":"post","link":"https:\/\/theworldwidejournal.com\/?p=10997","title":{"rendered":"El Papa canoniza a Faustino M\u00edguez, pionero de la educaci\u00f3n femenina"},"content":{"rendered":"<p>En una plaza de San Pedro repleta de sol y de peregrinos de todo el mundo, el Papa Francisco ha canonizado el domingo al escolapio espa\u00f1ol Faustino M\u00edguez, pionero de la educaci\u00f3n femenina junto con algunos de los primeros m\u00e1rtires de la evangelizaci\u00f3n en M\u00e9xico y Brasil. Las m\u00e1s alegres en la plaza eran las calasancias Hijas de la Divina Pastora, celebrando a su fundador, ejemplo de amor y de servicio. Un tapiz de San Faustino M\u00edguez colgado en la Bas\u00edlica de San Pedro del Vaticano durante la la ceremonia de canonizaci\u00f3n- EFE Al final de la misa, el Papa ha anunciado por sorpresa la convocatoria de un S\u00ednodo de Obispos de la Amazonia, \u00abpulm\u00f3n de capital importancia para nuestro planeta\u00bb, en octubre de 2019. El encuentro abordar\u00e1 la evangelizaci\u00f3n y la protecci\u00f3n de los pueblos ind\u00edgenas, as\u00ed como la del medio ambiente. Faustino M\u00edguez naci\u00f3 en la alde\u00edta gallega de Xamir\u00e1s, cerca de Celanova, en 1831 y falleci\u00f3 en Getafe en 1925 al cabo de 94 a\u00f1os de servicio como escolapio en Cuba, El Escorial, Celanova, Monforte de Lemos y sobre todo, Sanl\u00facar de Barrameda. En esa localidad andaluza, ver el abandono educativo de las ni\u00f1as en comparaci\u00f3n con los ni\u00f1os le llev\u00f3 a fundar en 1855 el Instituto Calasancio Hijas de la Divina Pastora, extendido por Espa\u00f1a, Argentina, Chile, Colombia, Nicaragua, Uruguay, Ecuador, Camer\u00fan, Guinea Ecuatorial y la India. En su homil\u00eda, el Papa ha afirmado que los nuevos santos \u00abno han dicho \u2018s\u00ed\u2019 al amor con palabras y por poco tiempo, sino con la vida y hasta el final\u00bb. En el caso de Faustino M\u00edguez -pionero de la igualdad educativa de la mujer hace nada menos que 132 a\u00f1os y bot\u00e1nico con una docena de remedios registrados adem\u00e1s de profesor-, su vida se extendi\u00f3 a lo largo de 94 a\u00f1os, dedicados a ayudar a los dem\u00e1s. Francisco ha hecho notar tambi\u00e9n el contraejemplo de quienes \u00abdan la espalda al amor\u00bb y prefieren \u00abapoltronarse en el sill\u00f3n de las ganancias, de los placeres, pero as\u00ed se envejece r\u00e1pido y mal, porque se envejece por dentro; cuando el coraz\u00f3n no se dilata, se cierra\u00bb. Como advertencia a quienes est\u00e1n en peligro de amargar su vida y la de los dem\u00e1s, Francisco ha a\u00f1adido que \u00abcuando todo depende del yo \u2013de lo que me parece, de lo que me sirve, de lo que quiero- se acaba siendo personas r\u00edgidas y malas, se reacciona de mala manera por nada\u00bb. Entre los numerosos peregrinos de Espa\u00f1a y de Am\u00e9rica estaba la chilena Ver\u00f3nica Stoberg, madre de cuatro hijos, curada milagrosamente en 2003 de un cuadro cl\u00ednico grav\u00edsimo desatado en el octavo mes de un embarazo y que lleg\u00f3 a incluir tres meses en coma y muerte cerebral. Francisco ha canonizado tambi\u00e9n a Cristobalito, Antonio y Juan, tres ind\u00edgenas de Tlaxcala, martirizados a los 13 a\u00f1os entre 1527 y 1529, que pasan a ser los primeros santos de M\u00e9xico, as\u00ed como un numeroso grupo de m\u00e1rtires del Brasil asesinados por soldados holandeses durante las guerras de religi\u00f3n en Europa. La delegaci\u00f3n espa\u00f1ola, de la que formaba parte el alcalde de Celanova, Jos\u00e9 Luis Ferro y el vicepresidente de la Diputaci\u00f3n de Ourense, Rosendo Fern\u00e1ndez, ha estado presidida por el secretario general de la administraci\u00f3n de Justicia Antonio Dorado Pic\u00f3n. Al final de la misa, la Real Banda de Gaitas orensana ofreci\u00f3 al Santo Padre una espl\u00e9ndida interpretaci\u00f3n del \u00abHimno de la Alegr\u00eda\u00bb y la \u00abMui\u00f1eira do Papa Francisco\u00bb. Entre los peregrinos espa\u00f1oles se contaban los obispos de Ourense, Leonardo Lemos, y de Getafe, Joaqu\u00edn Mar\u00eda L\u00f3pez de And\u00fajar en representaci\u00f3n de las di\u00f3cesis en la que naci\u00f3 el santo y donde resposan sus restos mortales.<br \/>\nVia: <a href=\"http:\/\/www.abc.es\/sociedad\/abci-papa-canoniza-faustino-miguez-pionero-educacion-femenina-201710151258_noticia.html\" target=\"_blank\">El Papa canoniza a Faustino M\u00edguez, pionero de la educaci\u00f3n femenina<\/a><\/p>\n","protected":false},"excerpt":{"rendered":"<p>En una plaza de San Pedro repleta de sol y de peregrinos de todo el mundo, el Papa Francisco ha canonizado el domingo al escolapio espa\u00f1ol Faustino M\u00edguez, pionero de la educaci\u00f3n femenina junto con algunos de los primeros m\u00e1rtires de la evangelizaci\u00f3n en M\u00e9xico y Brasil. Las m\u00e1s alegres [&hellip;]<\/p>\n","protected":false},"author":2,"featured_media":10998,"comment_status":"open","ping_status":"closed","sticky":false,"template":"","format":"standard","meta":{"footnotes":""},"categories":[6],"tags":[],"class_list":["post-10997","post","type-post","status-publish","format-standard","has-post-thumbnail","hentry","category-spanish"],"_links":{"self":[{"href":"https:\/\/theworldwidejournal.com\/index.php?rest_route=\/wp\/v2\/posts\/10997","targetHints":{"allow":["GET"]}}],"collection":[{"href":"https:\/\/theworldwidejournal.com\/index.php?rest_route=\/wp\/v2\/posts"}],"about":[{"href":"https:\/\/theworldwidejournal.com\/index.php?rest_route=\/wp\/v2\/types\/post"}],"author":[{"embeddable":true,"href":"https:\/\/theworldwidejournal.com\/index.php?rest_route=\/wp\/v2\/users\/2"}],"replies":[{"embeddable":true,"href":"https:\/\/theworldwidejournal.com\/index.php?rest_route=%2Fwp%2Fv2%2Fcomments&post=10997"}],"version-history":[{"count":0,"href":"https:\/\/theworldwidejournal.com\/index.php?rest_route=\/wp\/v2\/posts\/10997\/revisions"}],"wp:featuredmedia":[{"embeddable":true,"href":"https:\/\/theworldwidejournal.com\/index.php?rest_route=\/wp\/v2\/media\/10998"}],"wp:attachment":[{"href":"https:\/\/theworldwidejournal.com\/index.php?rest_route=%2Fwp%2Fv2%2Fmedia&parent=10997"}],"wp:term":[{"taxonomy":"category","embeddable":true,"href":"https:\/\/theworldwidejournal.com\/index.php?rest_route=%2Fwp%2Fv2%2Fcategories&post=10997"},{"taxonomy":"post_tag","embeddable":true,"href":"https:\/\/theworldwidejournal.com\/index.php?rest_route=%2Fwp%2Fv2%2Ftags&post=10997"}],"curies":[{"name":"wp","href":"https:\/\/api.w.org\/{rel}","templated":true}]}}