{"id":109973,"date":"2019-09-12T15:26:17","date_gmt":"2019-09-12T13:26:17","guid":{"rendered":"https:\/\/theworldwidejournal.com\/2019\/09\/12\/retraites-philippe-annonce-une-loi-votee-debut-dete-2020\/"},"modified":"2019-09-12T15:26:17","modified_gmt":"2019-09-12T13:26:17","slug":"retraites-philippe-annonce-une-loi-votee-debut-dete-2020","status":"publish","type":"post","link":"https:\/\/theworldwidejournal.com\/?p=109973","title":{"rendered":"Retraites\u00a0: Philippe annonce une loi \u00abvot\u00e9e\u00bb d\u00e9but d\u2019\u00e9t\u00e9\u00a02020"},"content":{"rendered":"<p>Ce chantier explosif ne cesse de s\u2019\u00e9tirer dans le temps. Le Premier ministre a confirm\u00e9 jeudi le caract\u00e8re universel et par points de cette future r\u00e9forme d\u2019ampleur. Mais il s\u2019est bien gard\u00e9 d&#8217;arbitrer les sujets qui f\u00e2chent\u00a0: comment \u00abtravailler davantage\u00bb et \u00e9quilibrer le syst\u00e8me actuel d\u00e8s\u00a02025\u00a0?<br \/>\nVia: <a href=\"https:\/\/www.liberation.fr\/france\/2019\/09\/12\/retraites-philippe-annonce-une-loi-votee-debut-d-ete-2020_1750888?xtor=rss-450\" target=\"_blank\">Retraites\u00a0: Philippe annonce une loi \u00abvot\u00e9e\u00bb d\u00e9but d\u2019\u00e9t\u00e9\u00a02020<\/a><\/p>\n","protected":false},"excerpt":{"rendered":"<p>Ce chantier explosif ne cesse de s\u2019\u00e9tirer dans le temps. Le Premier ministre a confirm\u00e9 jeudi le caract\u00e8re universel et par points de cette future r\u00e9forme d\u2019ampleur. Mais il s\u2019est bien gard\u00e9 d&#8217;arbitrer les sujets qui f\u00e2chent\u00a0: comment \u00abtravailler davantage\u00bb et \u00e9quilibrer le syst\u00e8me actuel d\u00e8s\u00a02025\u00a0? Via: Retraites\u00a0: Philippe annonce [&hellip;]<\/p>\n","protected":false},"author":2,"featured_media":0,"comment_status":"open","ping_status":"closed","sticky":false,"template":"","format":"standard","meta":{"footnotes":""},"categories":[4],"tags":[],"class_list":["post-109973","post","type-post","status-publish","format-standard","hentry","category-french"],"_links":{"self":[{"href":"https:\/\/theworldwidejournal.com\/index.php?rest_route=\/wp\/v2\/posts\/109973","targetHints":{"allow":["GET"]}}],"collection":[{"href":"https:\/\/theworldwidejournal.com\/index.php?rest_route=\/wp\/v2\/posts"}],"about":[{"href":"https:\/\/theworldwidejournal.com\/index.php?rest_route=\/wp\/v2\/types\/post"}],"author":[{"embeddable":true,"href":"https:\/\/theworldwidejournal.com\/index.php?rest_route=\/wp\/v2\/users\/2"}],"replies":[{"embeddable":true,"href":"https:\/\/theworldwidejournal.com\/index.php?rest_route=%2Fwp%2Fv2%2Fcomments&post=109973"}],"version-history":[{"count":0,"href":"https:\/\/theworldwidejournal.com\/index.php?rest_route=\/wp\/v2\/posts\/109973\/revisions"}],"wp:attachment":[{"href":"https:\/\/theworldwidejournal.com\/index.php?rest_route=%2Fwp%2Fv2%2Fmedia&parent=109973"}],"wp:term":[{"taxonomy":"category","embeddable":true,"href":"https:\/\/theworldwidejournal.com\/index.php?rest_route=%2Fwp%2Fv2%2Fcategories&post=109973"},{"taxonomy":"post_tag","embeddable":true,"href":"https:\/\/theworldwidejournal.com\/index.php?rest_route=%2Fwp%2Fv2%2Ftags&post=109973"}],"curies":[{"name":"wp","href":"https:\/\/api.w.org\/{rel}","templated":true}]}}