{"id":110003,"date":"2019-09-12T15:43:26","date_gmt":"2019-09-12T13:43:26","guid":{"rendered":"https:\/\/theworldwidejournal.com\/2019\/09\/12\/hacia-donde-va-la-dana-las-lluvias-torrenciales-remiten-en-alicante-y-valencia-pero-arrecian-en-murcia-y-almeria\/"},"modified":"2019-09-12T15:43:26","modified_gmt":"2019-09-12T13:43:26","slug":"hacia-donde-va-la-dana-las-lluvias-torrenciales-remiten-en-alicante-y-valencia-pero-arrecian-en-murcia-y-almeria","status":"publish","type":"post","link":"https:\/\/theworldwidejournal.com\/?p=110003","title":{"rendered":"Hacia d\u00f3nde va la DANA: las lluvias torrenciales remiten en Alicante y Valencia pero arrecian en Murcia y Almer\u00eda"},"content":{"rendered":"<p>La gota fr\u00eda, que azota desde el lunes al \u00e1rea mediterr\u00e1nea, entr\u00f3 el mi\u00e9rcoles por la noche en su fase m\u00e1s adversa, que durar\u00e1 hasta que acabe el viernes. Tras un r\u00e1pido descenso de norte a sur por el este, la DANA \u2014acr\u00f3nimo de Depresi\u00f3n Aislada en Niveles Altos,\u00a0es decir, un embolsamiento de aire en capas altas conocido popularmente como gota fr\u00eda\u2014 se encuentra este jueves en el mar, entre el norte de Argelia y el sureste de la Pen\u00ednsula, desde donde recibe &#8220;combustible&#8221; para generar m\u00e1s tormentas y hacer que sean torrenciales y duraderas, explica\u00a0la Agencia Estatal de Meteorolog\u00eda (Aemet). Almer\u00eda, Alicante y Murcia contin\u00faan esta tarde bajo aviso rojo,\u00a0el m\u00e1ximo de los tres existentes, por lluvias muy intensas \u2014de 60 litros\u00a0por metro cuadrado o m\u00e1s en una hora en\u00a0Almer\u00eda, 70 en Murcia y 90 en Alicante y con acumulaciones de 120 litros en 12 horas en Almer\u00eda, 180 en Alicante y 200 en Murcia\u2014. En Almer\u00eda y Alicante, el aviso estar\u00e1 en vigor hasta las doce de la noche del viernes, mientras que en Murcia se espera poder levantarlo a las seis de la ma\u00f1ana.Seguir leyendo.<br \/>\nVia: <a href=\"https:\/\/elpais.com\/politica\/2019\/09\/12\/actualidad\/1568267203_901515.html#?ref=rss&#038;format=simple&#038;link=link\" target=\"_blank\">Hacia d\u00f3nde va la DANA: las lluvias torrenciales remiten en Alicante y Valencia pero arrecian en Murcia y Almer\u00eda<\/a><\/p>\n","protected":false},"excerpt":{"rendered":"<p>La gota fr\u00eda, que azota desde el lunes al \u00e1rea mediterr\u00e1nea, entr\u00f3 el mi\u00e9rcoles por la noche en su fase m\u00e1s adversa, que durar\u00e1 hasta que acabe el viernes. Tras un r\u00e1pido descenso de norte a sur por el este, la DANA \u2014acr\u00f3nimo de Depresi\u00f3n Aislada en Niveles Altos,\u00a0es decir, [&hellip;]<\/p>\n","protected":false},"author":2,"featured_media":0,"comment_status":"open","ping_status":"closed","sticky":false,"template":"","format":"standard","meta":{"footnotes":""},"categories":[6],"tags":[],"class_list":["post-110003","post","type-post","status-publish","format-standard","hentry","category-spanish"],"_links":{"self":[{"href":"https:\/\/theworldwidejournal.com\/index.php?rest_route=\/wp\/v2\/posts\/110003","targetHints":{"allow":["GET"]}}],"collection":[{"href":"https:\/\/theworldwidejournal.com\/index.php?rest_route=\/wp\/v2\/posts"}],"about":[{"href":"https:\/\/theworldwidejournal.com\/index.php?rest_route=\/wp\/v2\/types\/post"}],"author":[{"embeddable":true,"href":"https:\/\/theworldwidejournal.com\/index.php?rest_route=\/wp\/v2\/users\/2"}],"replies":[{"embeddable":true,"href":"https:\/\/theworldwidejournal.com\/index.php?rest_route=%2Fwp%2Fv2%2Fcomments&post=110003"}],"version-history":[{"count":0,"href":"https:\/\/theworldwidejournal.com\/index.php?rest_route=\/wp\/v2\/posts\/110003\/revisions"}],"wp:attachment":[{"href":"https:\/\/theworldwidejournal.com\/index.php?rest_route=%2Fwp%2Fv2%2Fmedia&parent=110003"}],"wp:term":[{"taxonomy":"category","embeddable":true,"href":"https:\/\/theworldwidejournal.com\/index.php?rest_route=%2Fwp%2Fv2%2Fcategories&post=110003"},{"taxonomy":"post_tag","embeddable":true,"href":"https:\/\/theworldwidejournal.com\/index.php?rest_route=%2Fwp%2Fv2%2Ftags&post=110003"}],"curies":[{"name":"wp","href":"https:\/\/api.w.org\/{rel}","templated":true}]}}