{"id":11001,"date":"2017-10-15T13:32:56","date_gmt":"2017-10-15T11:32:56","guid":{"rendered":"https:\/\/theworldwidejournal.com\/2017\/10\/15\/muere-un-joven-por-multiples-punaladas-en-una-pelea-en-valencia\/"},"modified":"2017-10-15T13:32:56","modified_gmt":"2017-10-15T11:32:56","slug":"muere-un-joven-por-multiples-punaladas-en-una-pelea-en-valencia","status":"publish","type":"post","link":"https:\/\/theworldwidejournal.com\/?p=11001","title":{"rendered":"Muere un joven por m\u00faltiples pu\u00f1aladas en una pelea en Valencia"},"content":{"rendered":"<p>Un hombre de 29 a\u00f1os ha fallecido en el Hospital General de Valencia tras ser apu\u00f1alado este pasado s\u00e1bado en una reyerta en el barrio del Carmen, seg\u00fan han informado a Europa Press fuentes de la investigaci\u00f3n. La agresi\u00f3n se produjo en torno a las 21.30 horas de la pasada jornada en la confluencia de la calle Balmes con la calle Viana de Valencia, en el entorno del Mercado Central. En la disputa participaron varias personas y previamente mantuvieron otra pelea en la plaza de Juan de Vilarasa, situada al lado del lugar del apu\u00f1alamiento. El hombre, de origen franc\u00e9s, recibi\u00f3 m\u00faltiples pu\u00f1aladas en la cara y el cuerpo. Una ambulancia del Servicio de Atenci\u00f3n M\u00e9dica Urgente (SAMU) lo atendi\u00f3 en la zona cuando todav\u00eda estaba con vida y lo traslad\u00f3 al General de Valencia con heridas en el t\u00f3rax, el abdomen y los miembros superiores, seg\u00fan el Centro de Informaci\u00f3n y Coordinaci\u00f3n de Urgencias (CICU). Poco despu\u00e9s, a las 23 horas, el joven falleci\u00f3 en el centro hospitalario, seg\u00fan fuentes de la investigaci\u00f3n. La Polic\u00eda Nacional mantiene abiertas las pesquisas para determinar las causas de la reyerta y hallar a los responsables del apu\u00f1alamiento.<br \/>\nVia: <a href=\"http:\/\/www.abc.es\/espana\/comunidad-valenciana\/abci-muere-joven-multiples-punaladas-pelea-centro-valencia-201710151132_noticia.html\" target=\"_blank\">Muere un joven por m\u00faltiples pu\u00f1aladas en una pelea en Valencia<\/a><\/p>\n","protected":false},"excerpt":{"rendered":"<p>Un hombre de 29 a\u00f1os ha fallecido en el Hospital General de Valencia tras ser apu\u00f1alado este pasado s\u00e1bado en una reyerta en el barrio del Carmen, seg\u00fan han informado a Europa Press fuentes de la investigaci\u00f3n. La agresi\u00f3n se produjo en torno a las 21.30 horas de la pasada [&hellip;]<\/p>\n","protected":false},"author":2,"featured_media":11002,"comment_status":"open","ping_status":"closed","sticky":false,"template":"","format":"standard","meta":{"footnotes":""},"categories":[6],"tags":[],"class_list":["post-11001","post","type-post","status-publish","format-standard","has-post-thumbnail","hentry","category-spanish"],"_links":{"self":[{"href":"https:\/\/theworldwidejournal.com\/index.php?rest_route=\/wp\/v2\/posts\/11001","targetHints":{"allow":["GET"]}}],"collection":[{"href":"https:\/\/theworldwidejournal.com\/index.php?rest_route=\/wp\/v2\/posts"}],"about":[{"href":"https:\/\/theworldwidejournal.com\/index.php?rest_route=\/wp\/v2\/types\/post"}],"author":[{"embeddable":true,"href":"https:\/\/theworldwidejournal.com\/index.php?rest_route=\/wp\/v2\/users\/2"}],"replies":[{"embeddable":true,"href":"https:\/\/theworldwidejournal.com\/index.php?rest_route=%2Fwp%2Fv2%2Fcomments&post=11001"}],"version-history":[{"count":0,"href":"https:\/\/theworldwidejournal.com\/index.php?rest_route=\/wp\/v2\/posts\/11001\/revisions"}],"wp:featuredmedia":[{"embeddable":true,"href":"https:\/\/theworldwidejournal.com\/index.php?rest_route=\/wp\/v2\/media\/11002"}],"wp:attachment":[{"href":"https:\/\/theworldwidejournal.com\/index.php?rest_route=%2Fwp%2Fv2%2Fmedia&parent=11001"}],"wp:term":[{"taxonomy":"category","embeddable":true,"href":"https:\/\/theworldwidejournal.com\/index.php?rest_route=%2Fwp%2Fv2%2Fcategories&post=11001"},{"taxonomy":"post_tag","embeddable":true,"href":"https:\/\/theworldwidejournal.com\/index.php?rest_route=%2Fwp%2Fv2%2Ftags&post=11001"}],"curies":[{"name":"wp","href":"https:\/\/api.w.org\/{rel}","templated":true}]}}