{"id":11003,"date":"2017-10-15T05:33:38","date_gmt":"2017-10-15T03:33:38","guid":{"rendered":"https:\/\/theworldwidejournal.com\/2017\/10\/15\/trapero-hora-cero\/"},"modified":"2017-10-15T05:33:38","modified_gmt":"2017-10-15T03:33:38","slug":"trapero-hora-cero","status":"publish","type":"post","link":"https:\/\/theworldwidejournal.com\/?p=11003","title":{"rendered":"Trapero, hora cero"},"content":{"rendered":"<p>Ha sido causalidad que la magistrada de la Audiencia Nacional Carmen Lamela citara a declarar ma\u00f1ana al mayor Trapero para que responda a la acusaci\u00f3n de sedici\u00f3n que podr\u00eda llevarle a la c\u00e1rcel precisamente el d\u00eda en que se acaba el plazo para que Puigdemont tenga que confesar al Gobierno si declar\u00f3 la independencia antes de suspenderla. Una coincidencia que da alas a los independentistas para relacionar una cosa con la otra y sacar la conclusi\u00f3n de que la suerte del jefe operativo de su polic\u00eda corre paralela a la respuesta del Gobierno al desaf\u00edo del presidente de la Generalitat. La verdad es que la opinion m\u00e1s com\u00fan entre los separatistas catalanes es la de que Trapero tiene bastantes posibilidades de dormir este lunes en Alcal\u00e1 Meco por tres razones: una, porque est\u00e1 acusado de un delito de sedici\u00f3n castigado con hasta 15 a\u00f1os de prisi\u00f3n; dos, porque los informes presentados a la juez por la Guardia Civil le inculpan de forma contundente; tres, porque la Justicia es lenta hasta la desesperaci\u00f3n en este pa\u00eds, pero cuando se pone en marcha resulta arrolladora. Y la suma de estos tres factores arroja el resultado de que ha llegado la hora cero definitiva para el Mayor de los Mossos. Pero quiz\u00e1s se equivoquen. Muchos espa\u00f1oles se sintieron defraudados al creer que Trapero se marchaba de rositas tras declarar por primera vez ante la Audiencia Nacional el pasado 4 de octubre, tres d\u00edas despu\u00e9s de que la polic\u00eda auton\u00f3mica a sus \u00f3rdenes se rajara a la hora de impedir la celebraci\u00f3n del refer\u00e9ndum y dejara la inc\u00f3moda tarea en manos de Guardia Civil y Polic\u00eda Nacional. Pocos sab\u00edan que su comparecencia se deb\u00eda \u00fanicamente a lo ocurrido la noche del 20 de septiembre, cuando los Mossos no impidieron que esos agentes fueran cercados por una multitud tras efectuar varias detenciones y un registro en la consejer\u00eda de Econom\u00eda y menos a\u00fan eran los que desconoc\u00edan que la magistrada no consider\u00f3 oportuno ordenar el ingreso en prision por falta de informes contundentes que relacionaran a Trapero con aquel acontecimiento. Ma\u00f1ana sabremos si se sienten de nuevo decepcionados. Lo \u00fanico cierto un d\u00eda antes es que el personaje m\u00e1s vilipendiado de la crisis de Catalu\u00f1a vuelve a la Audiencia para responder por su actuaci\u00f3n el d\u00eda del refer\u00e9ndum y esta nueva documentaci\u00f3n aportada por la Guardia Civil puede ser contundente gracias a los testimonios de testigos que parecen demostrar que el jefe de los Mossos orden\u00f3 la pasividad de sus agentes y blind\u00f3 a los altos cargos del Govern para permitirles celebrar el refer\u00e9ndum ilegal. Curri Valenzuela<br \/>\nVia: <a href=\"http:\/\/www.abc.es\/espana\/abci-trapero-hora-cero-201710150333_noticia.html\" target=\"_blank\">Trapero, hora cero<\/a><\/p>\n","protected":false},"excerpt":{"rendered":"<p>Ha sido causalidad que la magistrada de la Audiencia Nacional Carmen Lamela citara a declarar ma\u00f1ana al mayor Trapero para que responda a la acusaci\u00f3n de sedici\u00f3n que podr\u00eda llevarle a la c\u00e1rcel precisamente el d\u00eda en que se acaba el plazo para que Puigdemont tenga que confesar al Gobierno [&hellip;]<\/p>\n","protected":false},"author":2,"featured_media":11004,"comment_status":"open","ping_status":"closed","sticky":false,"template":"","format":"standard","meta":{"footnotes":""},"categories":[6],"tags":[],"class_list":["post-11003","post","type-post","status-publish","format-standard","has-post-thumbnail","hentry","category-spanish"],"_links":{"self":[{"href":"https:\/\/theworldwidejournal.com\/index.php?rest_route=\/wp\/v2\/posts\/11003","targetHints":{"allow":["GET"]}}],"collection":[{"href":"https:\/\/theworldwidejournal.com\/index.php?rest_route=\/wp\/v2\/posts"}],"about":[{"href":"https:\/\/theworldwidejournal.com\/index.php?rest_route=\/wp\/v2\/types\/post"}],"author":[{"embeddable":true,"href":"https:\/\/theworldwidejournal.com\/index.php?rest_route=\/wp\/v2\/users\/2"}],"replies":[{"embeddable":true,"href":"https:\/\/theworldwidejournal.com\/index.php?rest_route=%2Fwp%2Fv2%2Fcomments&post=11003"}],"version-history":[{"count":0,"href":"https:\/\/theworldwidejournal.com\/index.php?rest_route=\/wp\/v2\/posts\/11003\/revisions"}],"wp:featuredmedia":[{"embeddable":true,"href":"https:\/\/theworldwidejournal.com\/index.php?rest_route=\/wp\/v2\/media\/11004"}],"wp:attachment":[{"href":"https:\/\/theworldwidejournal.com\/index.php?rest_route=%2Fwp%2Fv2%2Fmedia&parent=11003"}],"wp:term":[{"taxonomy":"category","embeddable":true,"href":"https:\/\/theworldwidejournal.com\/index.php?rest_route=%2Fwp%2Fv2%2Fcategories&post=11003"},{"taxonomy":"post_tag","embeddable":true,"href":"https:\/\/theworldwidejournal.com\/index.php?rest_route=%2Fwp%2Fv2%2Ftags&post=11003"}],"curies":[{"name":"wp","href":"https:\/\/api.w.org\/{rel}","templated":true}]}}