{"id":110039,"date":"2019-09-12T21:36:03","date_gmt":"2019-09-12T19:36:03","guid":{"rendered":"https:\/\/theworldwidejournal.com\/2019\/09\/12\/greve-a-la-ratp-sibeth-ndiaye-utilisera-sa-voiture-de-fonction-comme-tous-les-jours\/"},"modified":"2019-09-12T21:36:03","modified_gmt":"2019-09-12T19:36:03","slug":"greve-a-la-ratp-sibeth-ndiaye-utilisera-sa-voiture-de-fonction-comme-tous-les-jours","status":"publish","type":"post","link":"https:\/\/theworldwidejournal.com\/?p=110039","title":{"rendered":"Gr\u00e8ve \u00e0 la RATP: Sibeth Ndiaye utilisera sa \u00abvoiture de fonction, comme tous les jours\u00bb"},"content":{"rendered":"<p>LE SCAN POLITIQUE &#8211; Interrog\u00e9e sur BFMTV ce jeudi, la porte-parole du gouvernement n\u2019a pas sembl\u00e9 tr\u00e8s concern\u00e9e par la gr\u00e8ve qui va paralyser les transports en commun en \u00cele-de-France vendredi.<br \/>\nVia: <a href=\"http:\/\/www.lefigaro.fr\/politique\/le-scan\/greve-a-la-ratp-sibeth-ndiaye-utilisera-sa-voiture-de-fonction-comme-tous-les-jours-20190912\" target=\"_blank\">Gr\u00e8ve \u00e0 la RATP: Sibeth Ndiaye utilisera sa \u00abvoiture de fonction, comme tous les jours\u00bb<\/a><\/p>\n","protected":false},"excerpt":{"rendered":"<p>LE SCAN POLITIQUE &#8211; Interrog\u00e9e sur BFMTV ce jeudi, la porte-parole du gouvernement n\u2019a pas sembl\u00e9 tr\u00e8s concern\u00e9e par la gr\u00e8ve qui va paralyser les transports en commun en \u00cele-de-France vendredi. Via: Gr\u00e8ve \u00e0 la RATP: Sibeth Ndiaye utilisera sa \u00abvoiture de fonction, comme tous les jours\u00bb<\/p>\n","protected":false},"author":2,"featured_media":0,"comment_status":"open","ping_status":"closed","sticky":false,"template":"","format":"standard","meta":{"footnotes":""},"categories":[4],"tags":[],"class_list":["post-110039","post","type-post","status-publish","format-standard","hentry","category-french"],"_links":{"self":[{"href":"https:\/\/theworldwidejournal.com\/index.php?rest_route=\/wp\/v2\/posts\/110039","targetHints":{"allow":["GET"]}}],"collection":[{"href":"https:\/\/theworldwidejournal.com\/index.php?rest_route=\/wp\/v2\/posts"}],"about":[{"href":"https:\/\/theworldwidejournal.com\/index.php?rest_route=\/wp\/v2\/types\/post"}],"author":[{"embeddable":true,"href":"https:\/\/theworldwidejournal.com\/index.php?rest_route=\/wp\/v2\/users\/2"}],"replies":[{"embeddable":true,"href":"https:\/\/theworldwidejournal.com\/index.php?rest_route=%2Fwp%2Fv2%2Fcomments&post=110039"}],"version-history":[{"count":0,"href":"https:\/\/theworldwidejournal.com\/index.php?rest_route=\/wp\/v2\/posts\/110039\/revisions"}],"wp:attachment":[{"href":"https:\/\/theworldwidejournal.com\/index.php?rest_route=%2Fwp%2Fv2%2Fmedia&parent=110039"}],"wp:term":[{"taxonomy":"category","embeddable":true,"href":"https:\/\/theworldwidejournal.com\/index.php?rest_route=%2Fwp%2Fv2%2Fcategories&post=110039"},{"taxonomy":"post_tag","embeddable":true,"href":"https:\/\/theworldwidejournal.com\/index.php?rest_route=%2Fwp%2Fv2%2Ftags&post=110039"}],"curies":[{"name":"wp","href":"https:\/\/api.w.org\/{rel}","templated":true}]}}