{"id":110072,"date":"2019-09-13T01:51:44","date_gmt":"2019-09-12T23:51:44","guid":{"rendered":"https:\/\/theworldwidejournal.com\/2019\/09\/13\/el-psoe-suspende-el-encuentro-de-sanchez-con-los-barones-el-sabado\/"},"modified":"2019-09-13T01:51:44","modified_gmt":"2019-09-12T23:51:44","slug":"el-psoe-suspende-el-encuentro-de-sanchez-con-los-barones-el-sabado","status":"publish","type":"post","link":"https:\/\/theworldwidejournal.com\/?p=110072","title":{"rendered":"El PSOE suspende el encuentro de S\u00e1nchez con los barones el s\u00e1bado"},"content":{"rendered":"<p>El PSOE ha suspendido este jueves por la noche la reuni\u00f3n que Pedro S\u00e1nchez ten\u00eda previsto celebrar con todos los l\u00edderes territoriales\u00a0el s\u00e1bado en Logro\u00f1o. La raz\u00f3n que Ferraz ha dado a los barones para cancelar\u00a0el Consejo de Pol\u00edtica Federal es la gravedad de la gota fr\u00eda que est\u00e1 afectando al este de Espa\u00f1a. Las lluvias torrenciales han dejado dos muertos en la provincia de Albacete. La desconvocatoria, minutos antes de las 23.00 horas, ha sido recibida con gran sorpresa entre los dirigentes regionales del partido en el Gobierno. Este viernes por la noche ten\u00edan previsto cenar juntos en la capital de La Rioja para intercambiar impresiones sobre el bloqueo pol\u00edtico del pa\u00eds. El 23 de septiembre termina el plazo para que haya Ejecutivo o se convoquen las cuartas elecciones generales desde 2015.Seguir leyendo.<br \/>\nVia: <a href=\"https:\/\/elpais.com\/politica\/2019\/09\/12\/actualidad\/1568324266_382286.html#?ref=rss&#038;format=simple&#038;link=link\" target=\"_blank\">El PSOE suspende el encuentro de S\u00e1nchez con los barones el s\u00e1bado<\/a><\/p>\n","protected":false},"excerpt":{"rendered":"<p>El PSOE ha suspendido este jueves por la noche la reuni\u00f3n que Pedro S\u00e1nchez ten\u00eda previsto celebrar con todos los l\u00edderes territoriales\u00a0el s\u00e1bado en Logro\u00f1o. La raz\u00f3n que Ferraz ha dado a los barones para cancelar\u00a0el Consejo de Pol\u00edtica Federal es la gravedad de la gota fr\u00eda que est\u00e1 afectando [&hellip;]<\/p>\n","protected":false},"author":2,"featured_media":0,"comment_status":"open","ping_status":"closed","sticky":false,"template":"","format":"standard","meta":{"footnotes":""},"categories":[6],"tags":[],"class_list":["post-110072","post","type-post","status-publish","format-standard","hentry","category-spanish"],"_links":{"self":[{"href":"https:\/\/theworldwidejournal.com\/index.php?rest_route=\/wp\/v2\/posts\/110072","targetHints":{"allow":["GET"]}}],"collection":[{"href":"https:\/\/theworldwidejournal.com\/index.php?rest_route=\/wp\/v2\/posts"}],"about":[{"href":"https:\/\/theworldwidejournal.com\/index.php?rest_route=\/wp\/v2\/types\/post"}],"author":[{"embeddable":true,"href":"https:\/\/theworldwidejournal.com\/index.php?rest_route=\/wp\/v2\/users\/2"}],"replies":[{"embeddable":true,"href":"https:\/\/theworldwidejournal.com\/index.php?rest_route=%2Fwp%2Fv2%2Fcomments&post=110072"}],"version-history":[{"count":0,"href":"https:\/\/theworldwidejournal.com\/index.php?rest_route=\/wp\/v2\/posts\/110072\/revisions"}],"wp:attachment":[{"href":"https:\/\/theworldwidejournal.com\/index.php?rest_route=%2Fwp%2Fv2%2Fmedia&parent=110072"}],"wp:term":[{"taxonomy":"category","embeddable":true,"href":"https:\/\/theworldwidejournal.com\/index.php?rest_route=%2Fwp%2Fv2%2Fcategories&post=110072"},{"taxonomy":"post_tag","embeddable":true,"href":"https:\/\/theworldwidejournal.com\/index.php?rest_route=%2Fwp%2Fv2%2Ftags&post=110072"}],"curies":[{"name":"wp","href":"https:\/\/api.w.org\/{rel}","templated":true}]}}