{"id":110079,"date":"2019-09-12T20:48:49","date_gmt":"2019-09-12T18:48:49","guid":{"rendered":"https:\/\/theworldwidejournal.com\/2019\/09\/12\/cayetana-alvarez-de-toledo-abre-la-guerra-con-el-pp-vasco-de-alfonso-alonso\/"},"modified":"2019-09-12T20:48:49","modified_gmt":"2019-09-12T18:48:49","slug":"cayetana-alvarez-de-toledo-abre-la-guerra-con-el-pp-vasco-de-alfonso-alonso","status":"publish","type":"post","link":"https:\/\/theworldwidejournal.com\/?p=110079","title":{"rendered":"Cayetana \u00c1lvarez de Toledo abre la guerra con el PP vasco de Alfonso Alonso"},"content":{"rendered":"<p>La Convenci\u00f3n pol\u00edtica del PP vasco, que empieza este viernes en Vitoria, ha subido hoy muchos grados de temperatura, y dej\u00f3 ver a las claras el enfrentamiento, a menudo encubierto, entre la direcci\u00f3n nacional, que dirige Pablo Casado, y la auton\u00f3mica, que preside Alfonso Alonso. En una entrevista en \u00abesRadio\u00bb, la portavoz del PP en el Congreso, Cayetana \u00c1lvarez de Toledo, ha alertado del \u00abgrave error\u00bb que ser\u00eda buscar un perfil propio que se remitiera a unos derechos hist\u00f3ricos previos y no a la propia Constituci\u00f3n. Fuentes pr\u00f3ximas a la portavoz se han visto obligadas a aclarar que no estaba criticando la \u00abforalidad\u00bb, reconocida en la Constituci\u00f3n, sino que se utilice como fuente de legitimidad previa, superior y al margen de la Carta Magna. Es decir, puntualizan, como hace el PNV. Adem\u00e1s, \u00c1lvarez de Toledo ha acusado al PP vasco de cierta tibieza con el nacionalismo con el objetivo de obtener mejores resultados electorales, seg\u00fan informa Efe. La portavoz del Grupo Popular en el Congreso ha se\u00f1alado que no sabe exactamente qu\u00e9 es eso del \u00abperfil propio\u00bb del que ha hablado Alfonso Alonso. \u00abSi el perfil consiste en decir que la legitimidad de nuestro ordenamiento constitucional tiene zonas reservadas que se remiten a derechos hist\u00f3ricos previos y no a la propia Constituci\u00f3n y a la soberan\u00eda com\u00fan, me parecer\u00eda un grave error\u00bb. Seg\u00fan \u00c1lvarez de Toledo, \u00abel proyecto moderno, moral y eficaz pasa por la reivindicaci\u00f3n de la igualdad de los espa\u00f1oles y de su libertad, es decir del principio constitucional en el que estamos\u00bb. Adem\u00e1s, ha censurado \u00ablos errores que se cometieron en el PP vasco\u00bb, porque \u00abse apartaron de esa consigna de que lo moral es lo eficaz y se crey\u00f3 que acerc\u00e1ndose a posiciones m\u00e1s tibias, m\u00e1s de contemporizaci\u00f3n con el marco del nacionalismo, se pod\u00eda obtener un mejor resultado. Ya se ha demostrado que esa posici\u00f3n ha fracasado\u00bb. Seg\u00fan las mismas fuentes pr\u00f3ximas a la portavoz, esta \u00abno se estaba refiriendo a la direcci\u00f3n actual del PP vasco\u00bb. En una entrevista en TVE, Alfonso Alonso se ha referido a las palabras de \u00c1lvarez de Toledo sobre el PP vasco y ha reconocido que esas opiniones le daban \u00abpena\u00bb. Adem\u00e1s, ha animado a la portavoz a visitar el Pa\u00eds Vasco para conocer sobre el terreno el partido, su situaci\u00f3n real en esta Comunidad, su historia y las personas que han luchado durante d\u00e9cadas por la libertad.<br \/>\nVia: <a href=\"https:\/\/www.abc.es\/espana\/abci-cayetana-alvarez-toledo-abre-guerra-pp-vasco-alfonso-alonso-201909122048_noticia.html\" target=\"_blank\">Cayetana \u00c1lvarez de Toledo abre la guerra con el PP vasco de Alfonso Alonso<\/a><\/p>\n","protected":false},"excerpt":{"rendered":"<p>La Convenci\u00f3n pol\u00edtica del PP vasco, que empieza este viernes en Vitoria, ha subido hoy muchos grados de temperatura, y dej\u00f3 ver a las claras el enfrentamiento, a menudo encubierto, entre la direcci\u00f3n nacional, que dirige Pablo Casado, y la auton\u00f3mica, que preside Alfonso Alonso. En una entrevista en \u00abesRadio\u00bb, [&hellip;]<\/p>\n","protected":false},"author":2,"featured_media":110080,"comment_status":"open","ping_status":"closed","sticky":false,"template":"","format":"standard","meta":{"footnotes":""},"categories":[6],"tags":[],"class_list":["post-110079","post","type-post","status-publish","format-standard","has-post-thumbnail","hentry","category-spanish"],"_links":{"self":[{"href":"https:\/\/theworldwidejournal.com\/index.php?rest_route=\/wp\/v2\/posts\/110079","targetHints":{"allow":["GET"]}}],"collection":[{"href":"https:\/\/theworldwidejournal.com\/index.php?rest_route=\/wp\/v2\/posts"}],"about":[{"href":"https:\/\/theworldwidejournal.com\/index.php?rest_route=\/wp\/v2\/types\/post"}],"author":[{"embeddable":true,"href":"https:\/\/theworldwidejournal.com\/index.php?rest_route=\/wp\/v2\/users\/2"}],"replies":[{"embeddable":true,"href":"https:\/\/theworldwidejournal.com\/index.php?rest_route=%2Fwp%2Fv2%2Fcomments&post=110079"}],"version-history":[{"count":0,"href":"https:\/\/theworldwidejournal.com\/index.php?rest_route=\/wp\/v2\/posts\/110079\/revisions"}],"wp:featuredmedia":[{"embeddable":true,"href":"https:\/\/theworldwidejournal.com\/index.php?rest_route=\/wp\/v2\/media\/110080"}],"wp:attachment":[{"href":"https:\/\/theworldwidejournal.com\/index.php?rest_route=%2Fwp%2Fv2%2Fmedia&parent=110079"}],"wp:term":[{"taxonomy":"category","embeddable":true,"href":"https:\/\/theworldwidejournal.com\/index.php?rest_route=%2Fwp%2Fv2%2Fcategories&post=110079"},{"taxonomy":"post_tag","embeddable":true,"href":"https:\/\/theworldwidejournal.com\/index.php?rest_route=%2Fwp%2Fv2%2Ftags&post=110079"}],"curies":[{"name":"wp","href":"https:\/\/api.w.org\/{rel}","templated":true}]}}