{"id":110106,"date":"2019-09-13T15:51:16","date_gmt":"2019-09-13T13:51:16","guid":{"rendered":"https:\/\/theworldwidejournal.com\/2019\/09\/13\/de-la-conquete-de-levallois-a-la-prison-les-dates-cles-de-la-carriere-des-balkany\/"},"modified":"2019-09-13T15:51:16","modified_gmt":"2019-09-13T13:51:16","slug":"de-la-conquete-de-levallois-a-la-prison-les-dates-cles-de-la-carriere-des-balkany","status":"publish","type":"post","link":"https:\/\/theworldwidejournal.com\/?p=110106","title":{"rendered":"De la conqu\u00eate de Levallois \u00e0 la prison, les dates cl\u00e9s de la carri\u00e8re des Balkany"},"content":{"rendered":"<p>CHRONOLOGIE &#8211; Retour sur les \u00e9v\u00e9nements marquants du couple d\u2019\u00e9lus, qui a r\u00e9gn\u00e9 sur la mairie de Levallois-Perret pendant plus de 30 ans avant d\u2019\u00eatre condamn\u00e9 ce vendredi pour fraude fiscale.<br \/>\nVia: <a href=\"http:\/\/www.lefigaro.fr\/politique\/de-la-conquete-de-levallois-a-la-prison-les-dates-cles-de-la-carriere-des-balkany-20190913\" target=\"_blank\">De la conqu\u00eate de Levallois \u00e0 la prison, les dates cl\u00e9s de la carri\u00e8re des Balkany<\/a><\/p>\n","protected":false},"excerpt":{"rendered":"<p>CHRONOLOGIE &#8211; Retour sur les \u00e9v\u00e9nements marquants du couple d\u2019\u00e9lus, qui a r\u00e9gn\u00e9 sur la mairie de Levallois-Perret pendant plus de 30 ans avant d\u2019\u00eatre condamn\u00e9 ce vendredi pour fraude fiscale. Via: De la conqu\u00eate de Levallois \u00e0 la prison, les dates cl\u00e9s de la carri\u00e8re des Balkany<\/p>\n","protected":false},"author":2,"featured_media":0,"comment_status":"open","ping_status":"closed","sticky":false,"template":"","format":"standard","meta":{"footnotes":""},"categories":[4],"tags":[],"class_list":["post-110106","post","type-post","status-publish","format-standard","hentry","category-french"],"_links":{"self":[{"href":"https:\/\/theworldwidejournal.com\/index.php?rest_route=\/wp\/v2\/posts\/110106","targetHints":{"allow":["GET"]}}],"collection":[{"href":"https:\/\/theworldwidejournal.com\/index.php?rest_route=\/wp\/v2\/posts"}],"about":[{"href":"https:\/\/theworldwidejournal.com\/index.php?rest_route=\/wp\/v2\/types\/post"}],"author":[{"embeddable":true,"href":"https:\/\/theworldwidejournal.com\/index.php?rest_route=\/wp\/v2\/users\/2"}],"replies":[{"embeddable":true,"href":"https:\/\/theworldwidejournal.com\/index.php?rest_route=%2Fwp%2Fv2%2Fcomments&post=110106"}],"version-history":[{"count":0,"href":"https:\/\/theworldwidejournal.com\/index.php?rest_route=\/wp\/v2\/posts\/110106\/revisions"}],"wp:attachment":[{"href":"https:\/\/theworldwidejournal.com\/index.php?rest_route=%2Fwp%2Fv2%2Fmedia&parent=110106"}],"wp:term":[{"taxonomy":"category","embeddable":true,"href":"https:\/\/theworldwidejournal.com\/index.php?rest_route=%2Fwp%2Fv2%2Fcategories&post=110106"},{"taxonomy":"post_tag","embeddable":true,"href":"https:\/\/theworldwidejournal.com\/index.php?rest_route=%2Fwp%2Fv2%2Ftags&post=110106"}],"curies":[{"name":"wp","href":"https:\/\/api.w.org\/{rel}","templated":true}]}}