{"id":110145,"date":"2019-09-13T15:46:58","date_gmt":"2019-09-13T13:46:58","guid":{"rendered":"https:\/\/theworldwidejournal.com\/2019\/09\/13\/iglesias-pide-la-mediacion-del-rey-para-facilitar-la-coalicion-de-gobierno\/"},"modified":"2019-09-13T15:46:58","modified_gmt":"2019-09-13T13:46:58","slug":"iglesias-pide-la-mediacion-del-rey-para-facilitar-la-coalicion-de-gobierno","status":"publish","type":"post","link":"https:\/\/theworldwidejournal.com\/?p=110145","title":{"rendered":"Iglesias pide la mediaci\u00f3n del Rey para facilitar la coalici\u00f3n de Gobierno"},"content":{"rendered":"<p>Pablo Iglesias acudir\u00e1 a la reuni\u00f3n con Felipe VI la pr\u00f3xima semana y le pedir\u00e1 al Rey que &#8220;asuma el arbitraje y la mediaci\u00f3n&#8221; con Pedro S\u00e1nchez para que, finalmente, haya un pacto de Gobierno de coalici\u00f3n entre Unidas Podemos y el PSOE. &#8220;El jefe del Estado deber\u00eda hacer entender a los candidatos que la coalici\u00f3n es la v\u00eda para la estabilidad y que Espa\u00f1a no se merece una repetici\u00f3n electoral&#8221;, ha dicho el secretario general de Podemos en una entrevista en La Sexta. En esa reuni\u00f3n \u2014por el momento se desconoce si ser\u00e1 el lunes 16 o martes 17\u2014, el dirigente le explicar\u00e1 al Rey la \u00faltima oferta que su formaci\u00f3n le ha planteado al PSOE: una coalici\u00f3n a prueba hasta que se d\u00e9 luz verde a los Presupuestos Generales.Seguir leyendo.<br \/>\nVia: <a href=\"https:\/\/elpais.com\/politica\/2019\/09\/13\/actualidad\/1568369982_803565.html#?ref=rss&#038;format=simple&#038;link=link\" target=\"_blank\">Iglesias pide la mediaci\u00f3n del Rey para facilitar la coalici\u00f3n de Gobierno<\/a><\/p>\n","protected":false},"excerpt":{"rendered":"<p>Pablo Iglesias acudir\u00e1 a la reuni\u00f3n con Felipe VI la pr\u00f3xima semana y le pedir\u00e1 al Rey que &#8220;asuma el arbitraje y la mediaci\u00f3n&#8221; con Pedro S\u00e1nchez para que, finalmente, haya un pacto de Gobierno de coalici\u00f3n entre Unidas Podemos y el PSOE. &#8220;El jefe del Estado deber\u00eda hacer entender [&hellip;]<\/p>\n","protected":false},"author":2,"featured_media":0,"comment_status":"open","ping_status":"closed","sticky":false,"template":"","format":"standard","meta":{"footnotes":""},"categories":[6],"tags":[],"class_list":["post-110145","post","type-post","status-publish","format-standard","hentry","category-spanish"],"_links":{"self":[{"href":"https:\/\/theworldwidejournal.com\/index.php?rest_route=\/wp\/v2\/posts\/110145","targetHints":{"allow":["GET"]}}],"collection":[{"href":"https:\/\/theworldwidejournal.com\/index.php?rest_route=\/wp\/v2\/posts"}],"about":[{"href":"https:\/\/theworldwidejournal.com\/index.php?rest_route=\/wp\/v2\/types\/post"}],"author":[{"embeddable":true,"href":"https:\/\/theworldwidejournal.com\/index.php?rest_route=\/wp\/v2\/users\/2"}],"replies":[{"embeddable":true,"href":"https:\/\/theworldwidejournal.com\/index.php?rest_route=%2Fwp%2Fv2%2Fcomments&post=110145"}],"version-history":[{"count":0,"href":"https:\/\/theworldwidejournal.com\/index.php?rest_route=\/wp\/v2\/posts\/110145\/revisions"}],"wp:attachment":[{"href":"https:\/\/theworldwidejournal.com\/index.php?rest_route=%2Fwp%2Fv2%2Fmedia&parent=110145"}],"wp:term":[{"taxonomy":"category","embeddable":true,"href":"https:\/\/theworldwidejournal.com\/index.php?rest_route=%2Fwp%2Fv2%2Fcategories&post=110145"},{"taxonomy":"post_tag","embeddable":true,"href":"https:\/\/theworldwidejournal.com\/index.php?rest_route=%2Fwp%2Fv2%2Ftags&post=110145"}],"curies":[{"name":"wp","href":"https:\/\/api.w.org\/{rel}","templated":true}]}}