{"id":110156,"date":"2019-09-13T13:07:03","date_gmt":"2019-09-13T11:07:03","guid":{"rendered":"https:\/\/theworldwidejournal.com\/2019\/09\/13\/iglesias-pide-al-rey-que-medie-para-convencer-a-sanchez-de-formar-un-gobierno-de-coalicion\/"},"modified":"2019-09-13T13:07:03","modified_gmt":"2019-09-13T11:07:03","slug":"iglesias-pide-al-rey-que-medie-para-convencer-a-sanchez-de-formar-un-gobierno-de-coalicion","status":"publish","type":"post","link":"https:\/\/theworldwidejournal.com\/?p=110156","title":{"rendered":"Iglesias pide al Rey que medie para \u00abconvencer\u00bb a S\u00e1nchez de formar un Gobierno de coalici\u00f3n"},"content":{"rendered":"<p>El secretario general de Podemos, Pablo Iglesias, ha pedido al presidente del Gobierno en funciones, Pedro S\u00e1nchez, que \u00abreflexione el finde semana\u00bb sobre su negativa a su \u00faltima propuesta para conformar un Gobierno bicolor. El PSOE dio ayer un portazo a la oferta de un Gobierno de coalici\u00f3n \u00abevaluable\u00bb con el que Unidas Podemos intenta \u00abevitar otras elecciones\u00bb el 10 de noviembre. \u00abCreo que Pedro S\u00e1nchez deber\u00eda llamarme a La Moncloa y buscar una soluci\u00f3n. Ojal\u00e1 reflexione porque a nadie se lo han puesto tan f\u00e1cil en este pa\u00eds para gobernar con 123 diputados\u00bb, ha expresado este viernes Iglesias en La Sexta, en respuesta a la negativa del PSOE. \u00abSi no aceptan nuestra oferta nos abstendremos\u00bb, igual que hicieron la investidura fallida de julio, ha a\u00f1adido. Iglesias llam\u00f3 ayer a S\u00e1nchez y mantuvieron una conversaci\u00f3n de diez minutos, seg\u00fan revelaron fuentes socialistas, donde el l\u00edder del PSOE rechaz\u00f3 de plano la oferta. \u00abLe propuse un Gobierno de coalici\u00f3n que garantice que llegamos con una mayor\u00eda a los Presupuestos Generales del Estado y si despu\u00e9s de aprobarlos S\u00e1nchez entiende que no ha funcionado nosotros nos salimos garantiz\u00e1ndole la estabilidad de la legislatura\u00bb, ha explicado el secretario general de Podemos. \u00abLa oferta es muy generosa y me consta que muchos sectores del PSOE estar\u00edan dispuestos a aceptarla\u00bb, ha reconocido acto seguido. A 10 d\u00edas de que se disuelvan las Cortes y a cuatro de margen para negociar, el l\u00edder de Podemos aprieta a S\u00e1nchez para reunirse con \u00e9l cara a cara e intentar llegar a un acuerdo. \u00abPondr\u00e9 mi cargo a disposici\u00f3n\u00bb El l\u00edder de Podemos considera que el Rey deber\u00eda ejercer de \u00ab\u00e1rbitro\u00bb mediando para convencer al presidente del Gobierno en funciones de la necesidad de un Ejecutivo bic\u00e9falo. \u00abEl Rey deber\u00eda hacer entender a todos los candidatos y en particular al que tiene m\u00e1s apoyos que la coalici\u00f3n es una v\u00eda para dar estabilidad a nuestro sistema parlamentario\u00bb, ha expresado Iglesias. El Rey convoc\u00f3 ayer la ronda de consultas con los l\u00edderes pol\u00edticos para los pr\u00f3ximos d\u00edas lunes y martes, para ver si S\u00e1nchez tiene apoyos. Mientras, Unidas Podemos sigue presionando al PSOE: \u00abNosotros por responsabilidad de Estado y para garantizar la estabilidad estamos dispuestos a hacer una propuesta que no es justa para nosotros\u00bb, ha subrayado Iglesias, un mensaje clave para justificar su paulatina rebaja. De celebrarse las elecciones el 10-N, Iglesias ha confirmado que ser\u00e1 el candidato de Unidas Podemos, pero de darse un mal resultado de Unidas Podemos adelanta que pondr\u00e1 su \u00abcargo a disposici\u00f3n de los \u00f3rganos y los inscritos de Podemos\u00bb. Iglesias acudir\u00e1 a la ronda de consultas para trasladarle al Rey su \u00abposici\u00f3n en pro de la estabilidad\u00bb, pero insiste en que si no hay acuerdo con el PSOE informar\u00e1 a Don Felipe de que se volver\u00e1n a abstener en una hipot\u00e9tica investidura.<br \/>\nVia: <a href=\"https:\/\/www.abc.es\/espana\/abci-podemos-abstendra-si-pedro-sanchez-no-acepta-gobierno-coalicion-201909131307_noticia.html\" target=\"_blank\">Iglesias pide al Rey que medie para \u00abconvencer\u00bb a S\u00e1nchez de formar un Gobierno de coalici\u00f3n<\/a><\/p>\n","protected":false},"excerpt":{"rendered":"<p>El secretario general de Podemos, Pablo Iglesias, ha pedido al presidente del Gobierno en funciones, Pedro S\u00e1nchez, que \u00abreflexione el finde semana\u00bb sobre su negativa a su \u00faltima propuesta para conformar un Gobierno bicolor. El PSOE dio ayer un portazo a la oferta de un Gobierno de coalici\u00f3n \u00abevaluable\u00bb con [&hellip;]<\/p>\n","protected":false},"author":2,"featured_media":110157,"comment_status":"open","ping_status":"closed","sticky":false,"template":"","format":"standard","meta":{"footnotes":""},"categories":[6],"tags":[],"class_list":["post-110156","post","type-post","status-publish","format-standard","has-post-thumbnail","hentry","category-spanish"],"_links":{"self":[{"href":"https:\/\/theworldwidejournal.com\/index.php?rest_route=\/wp\/v2\/posts\/110156","targetHints":{"allow":["GET"]}}],"collection":[{"href":"https:\/\/theworldwidejournal.com\/index.php?rest_route=\/wp\/v2\/posts"}],"about":[{"href":"https:\/\/theworldwidejournal.com\/index.php?rest_route=\/wp\/v2\/types\/post"}],"author":[{"embeddable":true,"href":"https:\/\/theworldwidejournal.com\/index.php?rest_route=\/wp\/v2\/users\/2"}],"replies":[{"embeddable":true,"href":"https:\/\/theworldwidejournal.com\/index.php?rest_route=%2Fwp%2Fv2%2Fcomments&post=110156"}],"version-history":[{"count":0,"href":"https:\/\/theworldwidejournal.com\/index.php?rest_route=\/wp\/v2\/posts\/110156\/revisions"}],"wp:featuredmedia":[{"embeddable":true,"href":"https:\/\/theworldwidejournal.com\/index.php?rest_route=\/wp\/v2\/media\/110157"}],"wp:attachment":[{"href":"https:\/\/theworldwidejournal.com\/index.php?rest_route=%2Fwp%2Fv2%2Fmedia&parent=110156"}],"wp:term":[{"taxonomy":"category","embeddable":true,"href":"https:\/\/theworldwidejournal.com\/index.php?rest_route=%2Fwp%2Fv2%2Fcategories&post=110156"},{"taxonomy":"post_tag","embeddable":true,"href":"https:\/\/theworldwidejournal.com\/index.php?rest_route=%2Fwp%2Fv2%2Ftags&post=110156"}],"curies":[{"name":"wp","href":"https:\/\/api.w.org\/{rel}","templated":true}]}}