{"id":110178,"date":"2019-09-13T22:44:38","date_gmt":"2019-09-13T20:44:38","guid":{"rendered":"https:\/\/theworldwidejournal.com\/2019\/09\/13\/en-direct-greve-ratp-le-service-reprendra-normalement-a-partir-de-5h45-samedi-matin\/"},"modified":"2019-09-13T22:44:38","modified_gmt":"2019-09-13T20:44:38","slug":"en-direct-greve-ratp-le-service-reprendra-normalement-a-partir-de-5h45-samedi-matin","status":"publish","type":"post","link":"https:\/\/theworldwidejournal.com\/?p=110178","title":{"rendered":"EN DIRECT &#8211; Gr\u00e8ve RATP : le service reprendra normalement \u00e0 partir de 5h45 samedi matin."},"content":{"rendered":"<p>Le trafic RATP \u00e9tait \u00abextr\u00eamement perturb\u00e9\u00bb ce vendredi par une gr\u00e8ve d&#8217;une ampleur in\u00e9gal\u00e9e depuis 12 ans. Le taux de gr\u00e9vistes a atteint pr\u00e8s de 100% dans certaines directions. Apr\u00e8s la RATP, ce sera au tour de la SNCF de faire gr\u00e8ve ce lundi 16 septembre et la circulation sera perturb\u00e9e sur le RER C.<br \/>\nVia: <a href=\"http:\/\/www.lefigaro.fr\/actualites\/2019\/09\/12\/01001-20190912LIVWWW00067-greve-ratp-trafic-metro-rer-bus-paris-ile-de-france-retraite.php\" target=\"_blank\">EN DIRECT &#8211; Gr\u00e8ve RATP : le service reprendra normalement \u00e0 partir de 5h45 samedi matin.<\/a><\/p>\n","protected":false},"excerpt":{"rendered":"<p>Le trafic RATP \u00e9tait \u00abextr\u00eamement perturb\u00e9\u00bb ce vendredi par une gr\u00e8ve d&#8217;une ampleur in\u00e9gal\u00e9e depuis 12 ans. Le taux de gr\u00e9vistes a atteint pr\u00e8s de 100% dans certaines directions. Apr\u00e8s la RATP, ce sera au tour de la SNCF de faire gr\u00e8ve ce lundi 16 septembre et la circulation sera [&hellip;]<\/p>\n","protected":false},"author":2,"featured_media":0,"comment_status":"open","ping_status":"closed","sticky":false,"template":"","format":"standard","meta":{"footnotes":""},"categories":[4],"tags":[],"class_list":["post-110178","post","type-post","status-publish","format-standard","hentry","category-french"],"_links":{"self":[{"href":"https:\/\/theworldwidejournal.com\/index.php?rest_route=\/wp\/v2\/posts\/110178","targetHints":{"allow":["GET"]}}],"collection":[{"href":"https:\/\/theworldwidejournal.com\/index.php?rest_route=\/wp\/v2\/posts"}],"about":[{"href":"https:\/\/theworldwidejournal.com\/index.php?rest_route=\/wp\/v2\/types\/post"}],"author":[{"embeddable":true,"href":"https:\/\/theworldwidejournal.com\/index.php?rest_route=\/wp\/v2\/users\/2"}],"replies":[{"embeddable":true,"href":"https:\/\/theworldwidejournal.com\/index.php?rest_route=%2Fwp%2Fv2%2Fcomments&post=110178"}],"version-history":[{"count":0,"href":"https:\/\/theworldwidejournal.com\/index.php?rest_route=\/wp\/v2\/posts\/110178\/revisions"}],"wp:attachment":[{"href":"https:\/\/theworldwidejournal.com\/index.php?rest_route=%2Fwp%2Fv2%2Fmedia&parent=110178"}],"wp:term":[{"taxonomy":"category","embeddable":true,"href":"https:\/\/theworldwidejournal.com\/index.php?rest_route=%2Fwp%2Fv2%2Fcategories&post=110178"},{"taxonomy":"post_tag","embeddable":true,"href":"https:\/\/theworldwidejournal.com\/index.php?rest_route=%2Fwp%2Fv2%2Ftags&post=110178"}],"curies":[{"name":"wp","href":"https:\/\/api.w.org\/{rel}","templated":true}]}}