{"id":110216,"date":"2019-09-14T00:03:15","date_gmt":"2019-09-13T22:03:15","guid":{"rendered":"https:\/\/theworldwidejournal.com\/2019\/09\/14\/la-boda-que-corona-el-ano-de-manuel-valls\/"},"modified":"2019-09-14T00:03:15","modified_gmt":"2019-09-13T22:03:15","slug":"la-boda-que-corona-el-ano-de-manuel-valls","status":"publish","type":"post","link":"https:\/\/theworldwidejournal.com\/?p=110216","title":{"rendered":"La boda que corona el a\u00f1o de Manuel Valls"},"content":{"rendered":"<p>Manuel Valls confes\u00f3 este agosto al diario Le Monde que ve\u00eda su nueva etapa en Barcelona como \u201cun a\u00f1o casi sab\u00e1tico\u201d. Tras su intensa experiencia como primer ministro franc\u00e9s entre 2014 y 2016, y su asalto fallido a la alcald\u00eda de Barcelona en las elecciones municipales del pasado mayo, Valls explicaba que quer\u00eda tomarse las cosas de otra manera. \u201cTengo ganas de vivir, de pasar un a\u00f1o casi sab\u00e1tico\u201d, dijo. La boda de este s\u00e1bado con Susana Gallardo, inversora, millonaria y heredera de una familia de industriales farmac\u00e9uticos, coronar\u00e1 la nueva vida de Valls.Seguir leyendo.<br \/>\nVia: <a href=\"https:\/\/elpais.com\/elpais\/2019\/09\/13\/gente\/1568371708_813947.html#?ref=rss&#038;format=simple&#038;link=link\" target=\"_blank\">La boda que corona el a\u00f1o de Manuel Valls<\/a><\/p>\n","protected":false},"excerpt":{"rendered":"<p>Manuel Valls confes\u00f3 este agosto al diario Le Monde que ve\u00eda su nueva etapa en Barcelona como \u201cun a\u00f1o casi sab\u00e1tico\u201d. Tras su intensa experiencia como primer ministro franc\u00e9s entre 2014 y 2016, y su asalto fallido a la alcald\u00eda de Barcelona en las elecciones municipales del pasado mayo, Valls [&hellip;]<\/p>\n","protected":false},"author":2,"featured_media":0,"comment_status":"open","ping_status":"closed","sticky":false,"template":"","format":"standard","meta":{"footnotes":""},"categories":[6],"tags":[],"class_list":["post-110216","post","type-post","status-publish","format-standard","hentry","category-spanish"],"_links":{"self":[{"href":"https:\/\/theworldwidejournal.com\/index.php?rest_route=\/wp\/v2\/posts\/110216","targetHints":{"allow":["GET"]}}],"collection":[{"href":"https:\/\/theworldwidejournal.com\/index.php?rest_route=\/wp\/v2\/posts"}],"about":[{"href":"https:\/\/theworldwidejournal.com\/index.php?rest_route=\/wp\/v2\/types\/post"}],"author":[{"embeddable":true,"href":"https:\/\/theworldwidejournal.com\/index.php?rest_route=\/wp\/v2\/users\/2"}],"replies":[{"embeddable":true,"href":"https:\/\/theworldwidejournal.com\/index.php?rest_route=%2Fwp%2Fv2%2Fcomments&post=110216"}],"version-history":[{"count":0,"href":"https:\/\/theworldwidejournal.com\/index.php?rest_route=\/wp\/v2\/posts\/110216\/revisions"}],"wp:attachment":[{"href":"https:\/\/theworldwidejournal.com\/index.php?rest_route=%2Fwp%2Fv2%2Fmedia&parent=110216"}],"wp:term":[{"taxonomy":"category","embeddable":true,"href":"https:\/\/theworldwidejournal.com\/index.php?rest_route=%2Fwp%2Fv2%2Fcategories&post=110216"},{"taxonomy":"post_tag","embeddable":true,"href":"https:\/\/theworldwidejournal.com\/index.php?rest_route=%2Fwp%2Fv2%2Ftags&post=110216"}],"curies":[{"name":"wp","href":"https:\/\/api.w.org\/{rel}","templated":true}]}}