{"id":110218,"date":"2019-09-14T02:01:15","date_gmt":"2019-09-14T00:01:15","guid":{"rendered":"https:\/\/theworldwidejournal.com\/2019\/09\/14\/el-chavismo-vincula-a-guaido-con-el-narcotrafico-colombiano\/"},"modified":"2019-09-14T02:01:15","modified_gmt":"2019-09-14T00:01:15","slug":"el-chavismo-vincula-a-guaido-con-el-narcotrafico-colombiano","status":"publish","type":"post","link":"https:\/\/theworldwidejournal.com\/?p=110218","title":{"rendered":"El chavismo vincula a Guaid\u00f3 con el narcotr\u00e1fico colombiano"},"content":{"rendered":"<p>El r\u00e9gimen chavista se emple\u00f3 ayer a fondo para utilizar unas fotograf\u00edas que el presidente encargado de Venezuela, Juan Guaid\u00f3, se hizo con varios individuos en la frontera con Colombia el 22 de febrero antes del concierto \u00abLive Venezuela\u00bb. Seg\u00fan su versi\u00f3n, Guaid\u00f3 se fotografi\u00f3 con \u00abEl brother\u00bb y \u00abEl menor\u00bb, presuntos miembros de la banda criminal colombiana \u00abLos rastrojos\u00bb, recientemente capturados. El l\u00edder opositor neg\u00f3 los v\u00ednculos con el narcotr\u00e1fico colombiano y conocer a estas personas, adem\u00e1s de acusar al presidente Nicol\u00e1s Maduro de distraer la atenci\u00f3n sobre el \u00abamparo\u00bb que ofrece a \u00abparamilitares, narcomilitares, terroristas&#8230;\u00bb. Guaid\u00f3 asegur\u00f3 que ese d\u00eda se hizo \u00abcientos de fotos\u00bb y es \u00abdif\u00edcil discriminar qui\u00e9n pide una foto\u00bb. La Fiscal\u00eda venezolana abri\u00f3 por este motivo la quinta causa penal contra Guaid\u00f3. Maduro advirti\u00f3 que \u00abhay m\u00e1s pruebas\u00bb de los supuestos v\u00ednculos del opositor con el \u00abnarco\u00bb.<br \/>\nVia: <a href=\"https:\/\/www.abc.es\/internacional\/abci-chavismo-vincula-guaido-narcotrafico-colombiano-201909140201_noticia.html\" target=\"_blank\">El chavismo vincula a Guaid\u00f3 con el narcotr\u00e1fico colombiano<\/a><\/p>\n","protected":false},"excerpt":{"rendered":"<p>El r\u00e9gimen chavista se emple\u00f3 ayer a fondo para utilizar unas fotograf\u00edas que el presidente encargado de Venezuela, Juan Guaid\u00f3, se hizo con varios individuos en la frontera con Colombia el 22 de febrero antes del concierto \u00abLive Venezuela\u00bb. Seg\u00fan su versi\u00f3n, Guaid\u00f3 se fotografi\u00f3 con \u00abEl brother\u00bb y \u00abEl [&hellip;]<\/p>\n","protected":false},"author":2,"featured_media":110219,"comment_status":"open","ping_status":"closed","sticky":false,"template":"","format":"standard","meta":{"footnotes":""},"categories":[6],"tags":[],"class_list":["post-110218","post","type-post","status-publish","format-standard","has-post-thumbnail","hentry","category-spanish"],"_links":{"self":[{"href":"https:\/\/theworldwidejournal.com\/index.php?rest_route=\/wp\/v2\/posts\/110218","targetHints":{"allow":["GET"]}}],"collection":[{"href":"https:\/\/theworldwidejournal.com\/index.php?rest_route=\/wp\/v2\/posts"}],"about":[{"href":"https:\/\/theworldwidejournal.com\/index.php?rest_route=\/wp\/v2\/types\/post"}],"author":[{"embeddable":true,"href":"https:\/\/theworldwidejournal.com\/index.php?rest_route=\/wp\/v2\/users\/2"}],"replies":[{"embeddable":true,"href":"https:\/\/theworldwidejournal.com\/index.php?rest_route=%2Fwp%2Fv2%2Fcomments&post=110218"}],"version-history":[{"count":0,"href":"https:\/\/theworldwidejournal.com\/index.php?rest_route=\/wp\/v2\/posts\/110218\/revisions"}],"wp:featuredmedia":[{"embeddable":true,"href":"https:\/\/theworldwidejournal.com\/index.php?rest_route=\/wp\/v2\/media\/110219"}],"wp:attachment":[{"href":"https:\/\/theworldwidejournal.com\/index.php?rest_route=%2Fwp%2Fv2%2Fmedia&parent=110218"}],"wp:term":[{"taxonomy":"category","embeddable":true,"href":"https:\/\/theworldwidejournal.com\/index.php?rest_route=%2Fwp%2Fv2%2Fcategories&post=110218"},{"taxonomy":"post_tag","embeddable":true,"href":"https:\/\/theworldwidejournal.com\/index.php?rest_route=%2Fwp%2Fv2%2Ftags&post=110218"}],"curies":[{"name":"wp","href":"https:\/\/api.w.org\/{rel}","templated":true}]}}