{"id":110222,"date":"2019-09-13T19:48:12","date_gmt":"2019-09-13T17:48:12","guid":{"rendered":"https:\/\/theworldwidejournal.com\/2019\/09\/13\/soy-racista-seguidora-de-salvini-y-no-alquilo-la-casa-a-gente-del-sur\/"},"modified":"2019-09-13T19:48:12","modified_gmt":"2019-09-13T17:48:12","slug":"soy-racista-seguidora-de-salvini-y-no-alquilo-la-casa-a-gente-del-sur","status":"publish","type":"post","link":"https:\/\/theworldwidejournal.com\/?p=110222","title":{"rendered":"\u00abSoy racista, seguidora de Salvini y no alquilo la casa a gente del Sur\u00bb"},"content":{"rendered":"<p>\u00abSoy racista, seguidora de Salvini y no te alquilo la casa porque eres una meridional\u00bb. Esto es lo que Deborah Prencipe, una joven de Foggia, ciudad de 150.000 habitantes, capital de la hom\u00f3nima provincia, en la regi\u00f3n de Apulia, al sur de Italia, ha tenido que escuchar cuando pretend\u00eda alquilar un apartamento en la provincia de Mil\u00e1n para estar cerca de su novia. Lo encontr\u00f3 en Malvaglio, una fracci\u00f3n municipal de Robeccheto con Induno, pueblo de la provincia de Mil\u00e1n con 4.850 habitantes. Pero su aventura se vio frustrada por ser una meridional, calificativo que la propietaria del piso le reiter\u00f3 con tono insultante. La historia la ha denunciado en un post en Facebook Laura Ortolani, novia de Deborah: \u00abHa sucedido esto: mi compa\u00f1era decide transferirse a mi pueblo en la provincia de Mil\u00e1n. Busca una casa de alquiler, la encuentra y le encanta. Se pone de acuerdo con la propietaria de casa, una joven, para que el contrato entre en vigor en octubre. Quince d\u00edas antes del inicio del contrato la chica le manda un mensaje dici\u00e9ndole que el inicio del contrato se pospone un mes, y le pone excusas incre\u00edbles. Despu\u00e9s, en otro mensaje, le dice que ya no la alquila porque prefiere venderla. Mi compa\u00f1era le responde dici\u00e9ndole que no le parece correcto cambiar las cartas sobre la mesa en el \u00faltimo minuto. Luego interviene la madre, que se pone en contacto con mi compa\u00f1era. El motivo por el que no le alquilan la casa es porque mi compa\u00f1era es natural de Foggia. Y la se\u00f1ora Patrizia, de Malvaglio, considera que en su casa los meridionales no deben entrar. Adjunto mensaje y audio de la se\u00f1ora que confirma todo\u00bb. Frases dif\u00edciles de imaginar hoy La grabaci\u00f3n de Whatsapp con las palabras de la se\u00f1ora Patrizia no tiene desperdicio. La propietaria de la casa pronuncia, con tono firme y despectivo, frases dif\u00edciles de imaginar hoy en d\u00eda: \u00abPara m\u00ed los meridionales son meridionales, tambi\u00e9n en el 4.000, no solo en el 2.000. Para m\u00ed los meridionales, los negros y gitanos son lo mismo. Yo soy racista al cien por cien. Lo que piensa usted no me interesa en absoluto\u00bb. \u00abNo es una suiza, es una meridional \u2013a\u00f1ade la propietaria Patrizia\u2013. Est\u00e1 escrito en el carnet de identidad, no es un secreto de Estado. Lo he sabido tarde. Si lo hubiera sabido antes, habr\u00eda parado a mi hija\u00bb. Deborah le replica que denunciar\u00e1 p\u00fablicamente lo que ha sucedido. Pero Patrizia no solo desprecia esa iniciativa de Deborah, sino que le explica con orgullo sus simpat\u00edas pol\u00edticas: \u00abEscriba tambi\u00e9n que la se\u00f1ora es una seguidora de Salvini, el Capitano. Escriba en grande: &#8220;he aqu\u00ed lo que son capaces de hacer las de la Liga&#8221;. Diga incluso que soy una liguista apasionada, porque Salvini desde el inicio estaba contra todos los meridionales\u00bb. Clima de odio y racismo Las denuncias de Deborah y de su compa\u00f1era Laura se han convertido de inmediato en virales, con gran repercusi\u00f3n en todos los medios italianos. La autora del post en Facebook ha anunciado que actuar\u00e1n legalmente contra la propietaria del apartamento, \u00abcon la esperanza de que este caso no suceda a otros\u00bb. Deborah, con estudios de \u00abComunicaci\u00f3n y Sociedad\u00bb en la universidad de Mil\u00e1n, escribe en Facebook que seguramente \u00abMatteo Salvini se disociar\u00e1 de todo esto, porque para \u00e9l, hoy, la distinci\u00f3n entre meridional y septentrional ya no existe\u00bb. Salvini, muy activo en las redes sociales, calla por el momento. Pero en muchos medios se recuerda que el l\u00edder de la Liga, extremista y xen\u00f3fobo, ha creado este clima dividiendo a\u00fan m\u00e1s a la sociedad italiana. El periodista y escritor Alan Friedman, en un libro titulado \u00abEsta no es Italia\u00bb, en las librer\u00edas desde el 9 de septiembre, afirma: \u00abEspero que termine para siempre la \u00e9poca de una Italia malhumorada, vulgar, racista, llena de odio y miedo que Salvini ha promovido durante su actividad en el gobierno. Los italianos tienen necesidad de un periodo para curarse las heridas\u00bb.<br \/>\nVia: <a href=\"https:\/\/www.abc.es\/internacional\/abci-racista-seguidora-salvini-y-no-alquilo-casa-gente-201909131948_noticia.html\" target=\"_blank\">\u00abSoy racista, seguidora de Salvini y no alquilo la casa a gente del Sur\u00bb<\/a><\/p>\n","protected":false},"excerpt":{"rendered":"<p>\u00abSoy racista, seguidora de Salvini y no te alquilo la casa porque eres una meridional\u00bb. Esto es lo que Deborah Prencipe, una joven de Foggia, ciudad de 150.000 habitantes, capital de la hom\u00f3nima provincia, en la regi\u00f3n de Apulia, al sur de Italia, ha tenido que escuchar cuando pretend\u00eda alquilar [&hellip;]<\/p>\n","protected":false},"author":2,"featured_media":110223,"comment_status":"open","ping_status":"closed","sticky":false,"template":"","format":"standard","meta":{"footnotes":""},"categories":[6],"tags":[],"class_list":["post-110222","post","type-post","status-publish","format-standard","has-post-thumbnail","hentry","category-spanish"],"_links":{"self":[{"href":"https:\/\/theworldwidejournal.com\/index.php?rest_route=\/wp\/v2\/posts\/110222","targetHints":{"allow":["GET"]}}],"collection":[{"href":"https:\/\/theworldwidejournal.com\/index.php?rest_route=\/wp\/v2\/posts"}],"about":[{"href":"https:\/\/theworldwidejournal.com\/index.php?rest_route=\/wp\/v2\/types\/post"}],"author":[{"embeddable":true,"href":"https:\/\/theworldwidejournal.com\/index.php?rest_route=\/wp\/v2\/users\/2"}],"replies":[{"embeddable":true,"href":"https:\/\/theworldwidejournal.com\/index.php?rest_route=%2Fwp%2Fv2%2Fcomments&post=110222"}],"version-history":[{"count":0,"href":"https:\/\/theworldwidejournal.com\/index.php?rest_route=\/wp\/v2\/posts\/110222\/revisions"}],"wp:featuredmedia":[{"embeddable":true,"href":"https:\/\/theworldwidejournal.com\/index.php?rest_route=\/wp\/v2\/media\/110223"}],"wp:attachment":[{"href":"https:\/\/theworldwidejournal.com\/index.php?rest_route=%2Fwp%2Fv2%2Fmedia&parent=110222"}],"wp:term":[{"taxonomy":"category","embeddable":true,"href":"https:\/\/theworldwidejournal.com\/index.php?rest_route=%2Fwp%2Fv2%2Fcategories&post=110222"},{"taxonomy":"post_tag","embeddable":true,"href":"https:\/\/theworldwidejournal.com\/index.php?rest_route=%2Fwp%2Fv2%2Ftags&post=110222"}],"curies":[{"name":"wp","href":"https:\/\/api.w.org\/{rel}","templated":true}]}}