{"id":110249,"date":"2019-09-14T15:27:59","date_gmt":"2019-09-14T13:27:59","guid":{"rendered":"https:\/\/theworldwidejournal.com\/2019\/09\/14\/cellule-individuelle-television-et-promenade-a-quoi-ressemble-la-detention-de-patrick-balkany-a-la-prison-de-la-sante\/"},"modified":"2019-09-14T15:27:59","modified_gmt":"2019-09-14T13:27:59","slug":"cellule-individuelle-television-et-promenade-a-quoi-ressemble-la-detention-de-patrick-balkany-a-la-prison-de-la-sante","status":"publish","type":"post","link":"https:\/\/theworldwidejournal.com\/?p=110249","title":{"rendered":"Cellule individuelle, t\u00e9l\u00e9vision et promenade: \u00e0 quoi ressemble la d\u00e9tention de Patrick Balkany \u00e0 la prison de la Sant\u00e9"},"content":{"rendered":"<p>Condamn\u00e9 vendredi 13 septembre \u00e0 quatre ans de prison ferme pour fraude fiscale, le maire de Levallois-Perret a pass\u00e9 une premi\u00e8re nuit \u00e0 la maison d\u2019arr\u00eat de la Sant\u00e9 \u00e0 Paris.<br \/>\nVia: <a href=\"http:\/\/www.lefigaro.fr\/actualite-france\/cellule-individuelle-television-et-promenades-a-quoi-ressemble-la-detention-de-patrick-balkany-a-la-prison-de-la-sante-20190914\" target=\"_blank\">Cellule individuelle, t\u00e9l\u00e9vision et promenade: \u00e0 quoi ressemble la d\u00e9tention de Patrick Balkany \u00e0 la prison de la Sant\u00e9<\/a><\/p>\n","protected":false},"excerpt":{"rendered":"<p>Condamn\u00e9 vendredi 13 septembre \u00e0 quatre ans de prison ferme pour fraude fiscale, le maire de Levallois-Perret a pass\u00e9 une premi\u00e8re nuit \u00e0 la maison d\u2019arr\u00eat de la Sant\u00e9 \u00e0 Paris. Via: Cellule individuelle, t\u00e9l\u00e9vision et promenade: \u00e0 quoi ressemble la d\u00e9tention de Patrick Balkany \u00e0 la prison de la [&hellip;]<\/p>\n","protected":false},"author":2,"featured_media":0,"comment_status":"open","ping_status":"closed","sticky":false,"template":"","format":"standard","meta":{"footnotes":""},"categories":[4],"tags":[],"class_list":["post-110249","post","type-post","status-publish","format-standard","hentry","category-french"],"_links":{"self":[{"href":"https:\/\/theworldwidejournal.com\/index.php?rest_route=\/wp\/v2\/posts\/110249","targetHints":{"allow":["GET"]}}],"collection":[{"href":"https:\/\/theworldwidejournal.com\/index.php?rest_route=\/wp\/v2\/posts"}],"about":[{"href":"https:\/\/theworldwidejournal.com\/index.php?rest_route=\/wp\/v2\/types\/post"}],"author":[{"embeddable":true,"href":"https:\/\/theworldwidejournal.com\/index.php?rest_route=\/wp\/v2\/users\/2"}],"replies":[{"embeddable":true,"href":"https:\/\/theworldwidejournal.com\/index.php?rest_route=%2Fwp%2Fv2%2Fcomments&post=110249"}],"version-history":[{"count":0,"href":"https:\/\/theworldwidejournal.com\/index.php?rest_route=\/wp\/v2\/posts\/110249\/revisions"}],"wp:attachment":[{"href":"https:\/\/theworldwidejournal.com\/index.php?rest_route=%2Fwp%2Fv2%2Fmedia&parent=110249"}],"wp:term":[{"taxonomy":"category","embeddable":true,"href":"https:\/\/theworldwidejournal.com\/index.php?rest_route=%2Fwp%2Fv2%2Fcategories&post=110249"},{"taxonomy":"post_tag","embeddable":true,"href":"https:\/\/theworldwidejournal.com\/index.php?rest_route=%2Fwp%2Fv2%2Ftags&post=110249"}],"curies":[{"name":"wp","href":"https:\/\/api.w.org\/{rel}","templated":true}]}}