{"id":110288,"date":"2019-09-14T15:46:12","date_gmt":"2019-09-14T13:46:12","guid":{"rendered":"https:\/\/theworldwidejournal.com\/2019\/09\/14\/casado-acude-a-firmar-la-paz-con-el-pp-vasco-pero-se-reafirma-en-la-unidad-de-la-derecha\/"},"modified":"2019-09-14T15:46:12","modified_gmt":"2019-09-14T13:46:12","slug":"casado-acude-a-firmar-la-paz-con-el-pp-vasco-pero-se-reafirma-en-la-unidad-de-la-derecha","status":"publish","type":"post","link":"https:\/\/theworldwidejournal.com\/?p=110288","title":{"rendered":"Casado acude a firmar la paz con el PP vasco pero se reafirma en la unidad de la derecha"},"content":{"rendered":"<p>El presidente del PP, Pablo Casado, ha viajado a Vitoria este s\u00e1bado para tratar de apagar el incendio provocado 24 horas antes por la portavoz en el Congreso, Cayetana \u00c1lvarez de Toledo, al acusar a su partido en el Pa\u00eds Vasco de &#8220;tibieza&#8221; ante el nacionalismo. &#8220;En el conjunto del PP la m\u00fasica sue\u00f1a igual y cuando a alg\u00fan solista se le escapa alguna nota siempre hay un piano para intentar taparla&#8221;, ha dicho Casado durante el cierre de la Convenci\u00f3n del PP vasco. \u00c1lvarez de Toledo ha vuelto a convertirse as\u00ed en protagonista de la jornada. Nadie ha llegado a mencionar su nombre, pero todos han mandado un mensaje de rechazo a sus palabras y de cierre de filas con el presidente del PP vasco, Alfonso Alonso. Incluido el propio Casado.Seguir leyendo.<br \/>\nVia: <a href=\"https:\/\/elpais.com\/politica\/2019\/09\/14\/actualidad\/1568464683_096089.html#?ref=rss&#038;format=simple&#038;link=link\" target=\"_blank\">Casado acude a firmar la paz con el PP vasco pero se reafirma en la unidad de la derecha<\/a><\/p>\n","protected":false},"excerpt":{"rendered":"<p>El presidente del PP, Pablo Casado, ha viajado a Vitoria este s\u00e1bado para tratar de apagar el incendio provocado 24 horas antes por la portavoz en el Congreso, Cayetana \u00c1lvarez de Toledo, al acusar a su partido en el Pa\u00eds Vasco de &#8220;tibieza&#8221; ante el nacionalismo. &#8220;En el conjunto del [&hellip;]<\/p>\n","protected":false},"author":2,"featured_media":0,"comment_status":"open","ping_status":"closed","sticky":false,"template":"","format":"standard","meta":{"footnotes":""},"categories":[6],"tags":[],"class_list":["post-110288","post","type-post","status-publish","format-standard","hentry","category-spanish"],"_links":{"self":[{"href":"https:\/\/theworldwidejournal.com\/index.php?rest_route=\/wp\/v2\/posts\/110288","targetHints":{"allow":["GET"]}}],"collection":[{"href":"https:\/\/theworldwidejournal.com\/index.php?rest_route=\/wp\/v2\/posts"}],"about":[{"href":"https:\/\/theworldwidejournal.com\/index.php?rest_route=\/wp\/v2\/types\/post"}],"author":[{"embeddable":true,"href":"https:\/\/theworldwidejournal.com\/index.php?rest_route=\/wp\/v2\/users\/2"}],"replies":[{"embeddable":true,"href":"https:\/\/theworldwidejournal.com\/index.php?rest_route=%2Fwp%2Fv2%2Fcomments&post=110288"}],"version-history":[{"count":0,"href":"https:\/\/theworldwidejournal.com\/index.php?rest_route=\/wp\/v2\/posts\/110288\/revisions"}],"wp:attachment":[{"href":"https:\/\/theworldwidejournal.com\/index.php?rest_route=%2Fwp%2Fv2%2Fmedia&parent=110288"}],"wp:term":[{"taxonomy":"category","embeddable":true,"href":"https:\/\/theworldwidejournal.com\/index.php?rest_route=%2Fwp%2Fv2%2Fcategories&post=110288"},{"taxonomy":"post_tag","embeddable":true,"href":"https:\/\/theworldwidejournal.com\/index.php?rest_route=%2Fwp%2Fv2%2Ftags&post=110288"}],"curies":[{"name":"wp","href":"https:\/\/api.w.org\/{rel}","templated":true}]}}