{"id":110290,"date":"2019-09-14T14:22:43","date_gmt":"2019-09-14T12:22:43","guid":{"rendered":"https:\/\/theworldwidejournal.com\/2019\/09\/14\/el-pp-llama-a-la-unidad-en-visperas-electorales-no-tenemos-tiempo-de-tonterias-polemicas-ni-polemicos\/"},"modified":"2019-09-14T14:22:43","modified_gmt":"2019-09-14T12:22:43","slug":"el-pp-llama-a-la-unidad-en-visperas-electorales-no-tenemos-tiempo-de-tonterias-polemicas-ni-polemicos","status":"publish","type":"post","link":"https:\/\/theworldwidejournal.com\/?p=110290","title":{"rendered":"El PP llama a la unidad en v\u00edsperas electorales: \u00abNo tenemos tiempo de tonter\u00edas, pol\u00e9micas ni pol\u00e9micos\u00bb"},"content":{"rendered":"<p>A pocos d\u00edas de que puedan convocarse una nuevas elecciones generales. y con las auton\u00f3micas vascas pr\u00f3ximas, el PP no pod\u00eda permitirse el lujo de mantener abierta una guerra interna en el Pa\u00eds Vasco. Pese a sus diferencias, Pablo Casado y Alfonso Alonso han cerrado hoy filas en la Convenci\u00f3n del PP vasco, en Vitoria, despu\u00e9s del choque entre el partido en esta Comunidad y Cayetana \u00c1lvarez de Toledo. \u00abNo tenemos tiempo de tonter\u00edas, pol\u00e9micas ni pol\u00e9micos\u00bb, ha advertido Alonso. En el acto, en el que se ha interpretado el himno de Guernica y al final el Himno Nacional, Casado ha subrayado: \u00abYo soy tambi\u00e9n del PP vasco\u00bb. \u00abSi no fuera por vosotros, yo no ser\u00eda presidente. El PP no tiene explicaci\u00f3n ni raz\u00f3n de ser sin el PP vasco\u00bb. \u00abCuando entramos en un periodo electoral, es muy importante que tengamos claro que tenemos que hablar de lo que somos y proyectarlo fuera\u00bb. Casado ha hablado de su \u00abamigo\u00bb Alonso y ha recordado que fue portavoz del Grupo Popular, ministro de Sanidad, y antes alcalde de Vitoria. El l\u00edder el PP ha elogiado a todos los presidentes que ha tenido el PP vasco, desde Jaime Mayor Oreja hasta Alonso, pasando por Carlos Iturgaiz, Mar\u00eda San Gil, Antonio Basagoiti o Arantza Quiroga. \u00abCuando algunos se preguntan qu\u00e9 sentido tiene el PP cuando ya no existe ETA, yo les digo: No existe ETA porque existe el Partido Popular\u00bb, ha remarcado Casado. \u00abQueda mucho por hacer. Hace falta escribir la derrota efectiva de la banda terrorista ETA\u00bb. Casado ha advertido que el debate sobre la foralidad est\u00e1 muy superado. El PP lo defiende desde la Constituci\u00f3n. Y ha dejado claro que el PP \u00abes lo contrario al nacionalismo\u00bb. El presidente del PP ha subrayado que el PP vasco \u00abclaro que siempre ha tenido personalidad\u00bb. \u00abPero la personalidad no es una de una organizaci\u00f3n que sea el PP del Pa\u00eds Vasco, sino el PP en el Pa\u00eds Vasco, para los vascos y todos los espa\u00f1oles\u00bb. \u00abSomos un partido que no somos federal, la m\u00fasica suena igual, incluso cuando alg\u00fan solista se le escapa una nota siempre hay un piano para intentar taparla\u00bb. \u00abNecesitamos esa personalidad, pero que es la misma que todo el PP\u00bb. Sobre la \u00abutilidad\u00bb del PP vasco, ha advertido que \u00abhay que salir de los despachos para recorrer las tres provincias\u00bb. \u00abSomos un partido de concejales\u00bb. \u00abLa utilidad no es despojarse de nuestra esencia\u00bb. Respecto a la unidad, Casado ha reconocido que con \u00e9l es dif\u00edcil llevarse mal. \u00abYo no veo la discrepancia como disidencia\u00bb. \u00abQuiero que en esa orquesta que suena bien, que no hay cacofon\u00eda, veamos c\u00f3mo podemos enriquecernos. No veo ning\u00fan problema que alguien hable m\u00e1s de la foralidad o la Constituci\u00f3n, o alguien que sea m\u00e1s centralista. Esto es Espa\u00f1a y el PP. Un partido nacional, no federal, que se tiene que enriquecer, para ser \u00fatil\u00bb. \u00abLa unidad no es uniformidad\u00bb. \u00abLo que nos une es que somos un partido que sabemos pactar a derecha e izquierda, y que somos un partido moderado, serio, de Gobierno, centrado porque estamos en el centro del tablero, hemos llegado a ofrecer 11 pactos de Estado a S\u00e1nchez y hemos pactado con 12 partidos\u00bb. \u00abClaro que somos un partido que estamos unidos\u00bb, ha resaltado el l\u00edder del PP. Y ha aprovechado para defender una alianza con Ciudadanos para sumar. Y ha dejado claro que esa suma del PP y Ciudadanos les habr\u00eda dado esca\u00f1o en \u00c1lava y Vizcaya. Pero Casado ha mencionado a Vox para sumar, algo que en el PP vasco rechazan de plano. Y respecto a la pol\u00e9mica de los \u00faltimos d\u00edas, ha explicado que \u00e9l sabe muy bien qui\u00e9nes son sus adversarios. \u00abEstoy harto de la Espa\u00f1a a garrotazos, porque es algo que fomenta nuestros adversarios pol\u00edticos. En el caldo de cultivo de la confrontaci\u00f3n es donde sale la mediocridad\u00bb. \u00abHay que unir para ganar, hay que ganar para gobernar y hay que gobernar para unir\u00bb, ha subrayado. \u00abO nos unimos los que defendemos la misma idea de Espa\u00f1a o no gobernaremos\u00bb. Cierre de filas Alonso, recibido con una fuerte ovaci\u00f3n, ha se\u00f1alado, nada m\u00e1s empezar su intervenci\u00f3n, que \u00abnecesitamos estar unidos y trasladar una ilusi\u00f3n\u00bb. El presidente del PP vasco ha explicado que el objetivo de esta Convenci\u00f3n es ganar fuerzas y ser capaces de formar una alternativa al PNV. Alonso ha reconocido que no sab\u00eda si estaba en una acto preelectoral, ha subrayado que el objetivo fundamental del PP vasco es que Pablo Casado sea presidente del Gobierno. \u00abPara eso estamos aqu\u00ed\u00bb. Los elogios de Alonso a Casado no han sido menores. Ha destacado que defienda el proyecto del PP con dignidad, convicci\u00f3n y dignidad. \u00abEspa\u00f1a necesita la fortaleza del PP, la unidad del PP y alguien como Pablo Casado\u00bb. A partir de ah\u00ed, ha defendido el papel del PP vasco en el proyecto nacional. \u00abYo no me voy a callar\u00bb, ha advertido. \u00abEsta Convenci\u00f3n habla de romper el silencio\u00bb. Alonso ha tenido un mensaje rotundo contra el nacionalismo, en contraste con las acusaciones de \u00abtibieza\u00bb que lanz\u00f3 Cayetana \u00c1lvarez de Toledo. \u00abNo te vas a encontrar gente m\u00e1s leal que nosotros nunca\u00bb, ha advertido Alonso a Casado. El presidente del PP vasco ha insistido en que hay que trabajar para llevar un presidente a La Moncloa: \u00abY no tenemos tiempo para tonter\u00edas. No quiero ni pol\u00e9micas ni pol\u00e9micos\u00bb. Alonso ha subrayado que la foralidad es el punto de encuentro de todos los vascos y entre estos y el resto de los espa\u00f1oles. \u00abEn manos del PNV sirve para exprimirnos el bolsillo, pero bien utilizado sirve para fortalecer Espa\u00f1a\u00bb. Ha sido una respuesta directa a lo que interpretaron como una cr\u00edtica de la portavoz del PP a la invocaci\u00f3n de los \u00abderechos hist\u00f3ricos previos\u00bb de la Constituci\u00f3n. Alonso ha mostrado a Casado un mapa de Espa\u00f1a con los nombres de los compa\u00f1eros que fueron asesinados por ETA. \u00abMucha gente nos acusa de cosas, pero esta es nuestra base de todos\u00bb, ha subrayado. \u00abEste partido asume el&hellip;<br \/>\nVia: <a href=\"https:\/\/www.abc.es\/espana\/abci-pp-llama-unidad-visperas-electorales-no-tenemos-tiempo-tonterias-polemicas-polemicos-201909141422_noticia.html\" target=\"_blank\">El PP llama a la unidad en v\u00edsperas electorales: \u00abNo tenemos tiempo de tonter\u00edas, pol\u00e9micas ni pol\u00e9micos\u00bb<\/a><\/p>\n","protected":false},"excerpt":{"rendered":"<p>A pocos d\u00edas de que puedan convocarse una nuevas elecciones generales. y con las auton\u00f3micas vascas pr\u00f3ximas, el PP no pod\u00eda permitirse el lujo de mantener abierta una guerra interna en el Pa\u00eds Vasco. Pese a sus diferencias, Pablo Casado y Alfonso Alonso han cerrado hoy filas en la Convenci\u00f3n [&hellip;]<\/p>\n","protected":false},"author":2,"featured_media":110291,"comment_status":"open","ping_status":"closed","sticky":false,"template":"","format":"standard","meta":{"footnotes":""},"categories":[6],"tags":[],"class_list":["post-110290","post","type-post","status-publish","format-standard","has-post-thumbnail","hentry","category-spanish"],"_links":{"self":[{"href":"https:\/\/theworldwidejournal.com\/index.php?rest_route=\/wp\/v2\/posts\/110290","targetHints":{"allow":["GET"]}}],"collection":[{"href":"https:\/\/theworldwidejournal.com\/index.php?rest_route=\/wp\/v2\/posts"}],"about":[{"href":"https:\/\/theworldwidejournal.com\/index.php?rest_route=\/wp\/v2\/types\/post"}],"author":[{"embeddable":true,"href":"https:\/\/theworldwidejournal.com\/index.php?rest_route=\/wp\/v2\/users\/2"}],"replies":[{"embeddable":true,"href":"https:\/\/theworldwidejournal.com\/index.php?rest_route=%2Fwp%2Fv2%2Fcomments&post=110290"}],"version-history":[{"count":0,"href":"https:\/\/theworldwidejournal.com\/index.php?rest_route=\/wp\/v2\/posts\/110290\/revisions"}],"wp:featuredmedia":[{"embeddable":true,"href":"https:\/\/theworldwidejournal.com\/index.php?rest_route=\/wp\/v2\/media\/110291"}],"wp:attachment":[{"href":"https:\/\/theworldwidejournal.com\/index.php?rest_route=%2Fwp%2Fv2%2Fmedia&parent=110290"}],"wp:term":[{"taxonomy":"category","embeddable":true,"href":"https:\/\/theworldwidejournal.com\/index.php?rest_route=%2Fwp%2Fv2%2Fcategories&post=110290"},{"taxonomy":"post_tag","embeddable":true,"href":"https:\/\/theworldwidejournal.com\/index.php?rest_route=%2Fwp%2Fv2%2Ftags&post=110290"}],"curies":[{"name":"wp","href":"https:\/\/api.w.org\/{rel}","templated":true}]}}