{"id":110292,"date":"2019-09-14T13:02:19","date_gmt":"2019-09-14T11:02:19","guid":{"rendered":"https:\/\/theworldwidejournal.com\/2019\/09\/14\/encuentran-a-otro-hombre-muerto-en-orihuela-por-la-gota-fria-que-ya-se-cobra-seis-vidas\/"},"modified":"2019-09-14T13:02:19","modified_gmt":"2019-09-14T11:02:19","slug":"encuentran-a-otro-hombre-muerto-en-orihuela-por-la-gota-fria-que-ya-se-cobra-seis-vidas","status":"publish","type":"post","link":"https:\/\/theworldwidejournal.com\/?p=110292","title":{"rendered":"Encuentran a otro hombre muerto en Orihuela por la gota fr\u00eda, que ya se cobra seis vidas"},"content":{"rendered":"<p>Un hombre de 41 a\u00f1os, vecino de Orihuela (Alicante), ha sido encontrado muerto en una zona de campo de la pedan\u00eda oriolana de La Matanza, seg\u00fan han informado fuentes de la subdelegaci\u00f3n del Gobierno en Alicante. El hallazgo se ha producido en la ma\u00f1ana de este s\u00e1bado por parte de miembros del Mando de Operaciones Especiales (MOE) del Ej\u00e9rcito, m\u00e1s conocidos como los &#8216;boinas verdes&#8217;, quienes llevaban busc\u00e1ndolo desde que ayer se inform\u00f3 de su desaparici\u00f3n. Los militares encontraron este viernes la motocicleta del hombre e iniciaron su b\u00fasqueda en la zona, un \u00e1rea rural ubicada en la comarca de la Vega Baja del Segura, una de las m\u00e1s afectadas por las inundaciones provocadas por el DANA (Depresi\u00f3n Aislada en Niveles Altos). Se trata de la segunda v\u00edctima mortal en la Comunidad Valenciana provocada por la gota fr\u00eda m\u00e1s virulenta de los \u00faltimos a\u00f1os y la sexta a nivel nacional. El presidente del Gobierno en funciones, Pedro S\u00e1nchez, que esta ma\u00f1ana se ha desplazado a Orihuela para conocer in situ los estragos provocados por la gota fr\u00eda, ha manifestado sus condolencias en un mensaje en Twitter: &#8220;Tristemente lamentamos una nueva v\u00edctima mortal en Orihuela. Todo mi cari\u00f1o para sus familiares y mi solidaridad con todas las personas afectadas por las intensas lluvias. Coordinados, volcaremos todos los recursos y ayudas para atender a la poblaci\u00f3n y recuperar la normalidad&#8221;.<br \/>\nVia: <a href=\"https:\/\/www.abc.es\/espana\/comunidad-valenciana\/abci-encuentran-otra-persona-muerta-orihuela-gota-fria-201909141302_noticia.html\" target=\"_blank\">Encuentran a otro hombre muerto en Orihuela por la gota fr\u00eda, que ya se cobra seis vidas<\/a><\/p>\n","protected":false},"excerpt":{"rendered":"<p>Un hombre de 41 a\u00f1os, vecino de Orihuela (Alicante), ha sido encontrado muerto en una zona de campo de la pedan\u00eda oriolana de La Matanza, seg\u00fan han informado fuentes de la subdelegaci\u00f3n del Gobierno en Alicante. El hallazgo se ha producido en la ma\u00f1ana de este s\u00e1bado por parte de [&hellip;]<\/p>\n","protected":false},"author":2,"featured_media":110293,"comment_status":"open","ping_status":"closed","sticky":false,"template":"","format":"standard","meta":{"footnotes":""},"categories":[6],"tags":[],"class_list":["post-110292","post","type-post","status-publish","format-standard","has-post-thumbnail","hentry","category-spanish"],"_links":{"self":[{"href":"https:\/\/theworldwidejournal.com\/index.php?rest_route=\/wp\/v2\/posts\/110292","targetHints":{"allow":["GET"]}}],"collection":[{"href":"https:\/\/theworldwidejournal.com\/index.php?rest_route=\/wp\/v2\/posts"}],"about":[{"href":"https:\/\/theworldwidejournal.com\/index.php?rest_route=\/wp\/v2\/types\/post"}],"author":[{"embeddable":true,"href":"https:\/\/theworldwidejournal.com\/index.php?rest_route=\/wp\/v2\/users\/2"}],"replies":[{"embeddable":true,"href":"https:\/\/theworldwidejournal.com\/index.php?rest_route=%2Fwp%2Fv2%2Fcomments&post=110292"}],"version-history":[{"count":0,"href":"https:\/\/theworldwidejournal.com\/index.php?rest_route=\/wp\/v2\/posts\/110292\/revisions"}],"wp:featuredmedia":[{"embeddable":true,"href":"https:\/\/theworldwidejournal.com\/index.php?rest_route=\/wp\/v2\/media\/110293"}],"wp:attachment":[{"href":"https:\/\/theworldwidejournal.com\/index.php?rest_route=%2Fwp%2Fv2%2Fmedia&parent=110292"}],"wp:term":[{"taxonomy":"category","embeddable":true,"href":"https:\/\/theworldwidejournal.com\/index.php?rest_route=%2Fwp%2Fv2%2Fcategories&post=110292"},{"taxonomy":"post_tag","embeddable":true,"href":"https:\/\/theworldwidejournal.com\/index.php?rest_route=%2Fwp%2Fv2%2Ftags&post=110292"}],"curies":[{"name":"wp","href":"https:\/\/api.w.org\/{rel}","templated":true}]}}