{"id":110294,"date":"2019-09-14T12:38:13","date_gmt":"2019-09-14T10:38:13","guid":{"rendered":"https:\/\/theworldwidejournal.com\/2019\/09\/14\/una-grabacion-al-mano-derecha-de-artur-mas-acredita-las-mordidas-ilegales-de-convergencia\/"},"modified":"2019-09-14T12:38:13","modified_gmt":"2019-09-14T10:38:13","slug":"una-grabacion-al-mano-derecha-de-artur-mas-acredita-las-mordidas-ilegales-de-convergencia","status":"publish","type":"post","link":"https:\/\/theworldwidejournal.com\/?p=110294","title":{"rendered":"Una grabaci\u00f3n al &#039;mano derecha&#039; de Artur Mas acredita las \u00abmordidas\u00bb ilegales de Converg\u00e8ncia"},"content":{"rendered":"<p>El exconsejero de la Generalitat Germ\u00e0 Gord\u00f3 ama\u00f1aba supuestamente pagos ilegales de empresarios para financiar a Converg\u00e8ncia, seg\u00fan refleja una conversaci\u00f3n que fue grabada por el empresario y proveedor del partido nacionalista Joan Manuel Parra. En un audio adelantado este s\u00e1bado por El Peri\u00f3dico de Catalunya, Gord\u00f3 se\u00f1ala: \u00abCada vez que te presentes a alguna cosa [un concurso p\u00fablico], me vienes a ver y yo hablar\u00e9 con el secretario general correspondiente, con el departamento correspondiente\u00bb. La grabaci\u00f3n de esta conversaci\u00f3n, que ya est\u00e1 en poder del juez de la Audiencia Nacional que investiga el presunto pago de comisiones a CDC, el denominado &#8216;caso 3%&#8217;, fue realizada de forma oculta por el empresario. Parra, que reclamaba una deuda por el montaje de la infraestructura de los m\u00edtines del partido en la campa\u00f1a de las elecciones catalanas de 2010, se reuni\u00f3 el 17 de octubre de 2011 con Gord\u00f3, que era entonces secretario del Govern de Artur Mas -posteriormente fue nombrado consejero de Justicia-. En la conversaci\u00f3n se refieren a un a lmuerzo con David Mad\u00ed, que fuera mano derecha de Artur Mas y exsecretario de Comunicaci\u00f3 del Govern, en el que hubo un compromiso de ayudarle a trav\u00e9s de adjudicaciones de la Administraci\u00f3n catalana. \u00abUn d\u00eda nos reunimos t\u00fa, yo y David Mad\u00ed. Y digo yo: &#8216;no puedo pagar m\u00e1s que eso, si quer\u00e9is m\u00e1s que eso, yo no puedo pagarlo&#8217;. Otra cosa es que eso se haga cuando lleguemos al Govern, al ayuntamiento&#8230; Bueno, un gobierno, que ayudemos a liquidarlo. Pero yo, desde el partido, no. El partido no pagar\u00e1 m\u00e1s que eso. \u00bfQuedamos as\u00ed o no?\u00bb, espeta Gord\u00f3 al empresario cuando le reclama una y otra vez que le pague los servicios a CDC. La cantidad que desembolsar\u00eda Converg\u00e8ncia ascend\u00eda a m\u00e1s de 1,2 millones de euros. \u00ab\u00bfQu\u00e9 se ha gastado mucho m\u00e1s? Seguro, si yo no te digo que no\u00bb, insiste el exdirigente convergente. \u00abMe vendisteis muy bien la moto de que realmente si lleg\u00e1bamos al Govern ser\u00eda la hostia\u00bb, le recuerda Parra a Gord\u00f3. Parra tambi\u00e9n menciona que Gord\u00f3 que le hab\u00eda enviado al empresario audiovisual Oriol Carb\u00f3, que ten\u00eda una productora que trabajaba para TV3, para pagarle unos servicios realizados para el partido. En la misma conversaci\u00f3n, Gord\u00f3 alardea de su capacidad de influencia en el Institut Catal\u00e0 de Finances cuando recomienda a Parra que pida un pr\u00e9stamo a esa entidad: \u00abEs una instituci\u00f3n cien por cien nuestra (\u2026) Yo estoy en la junta, hombre, y tengo un cierto peso. El secretario de Govern, no es el presidente ni el consejero delegado, pero te aseguro que despu\u00e9s, la persona que tiene m\u00e1s peso soy yo, m\u00e1s que la propia secretaria general de Econom\u00eda\u00bb. A la luz de estas grabaciones, el fiscal deber\u00e1 decidir ahora si pide citar a declarar de nuevo o no a Gord\u00f3, que ya est\u00e1 imputado en el \u2018caso 3%\u2019. Ante la publicaci\u00f3n de esta informaci\u00f3n, el propio Germ\u00e0 Gord\u00f3 ha se\u00f1alado en su cuenta de Twitter que \u00abtal y como comuniqu\u00e9 hace d\u00edas al juzgado, ni recuerdo ninguna conversaci\u00f3n en este sentido, ni consta en la agenda aportada para la investigaci\u00f3n al juzgado, ni nunca he hecho nada ilegal\u00bb. La portavoz de Ciudadanos, Lorena Rold\u00e1n, ha reaccionado tambi\u00e9n en su cuenta de Twitter se\u00f1alando que \u00abmientras la banda del 3% ama\u00f1aba contratos, viajaba en jet privado pagado por todos y saqueaba Catalu\u00f1a, CDC sac\u00f3 la estelada para tapar toda esta corrupci\u00f3n mientras dec\u00eda &#8216;Espa\u00f1a nos roba&#8217;. La realidad era otra: quienes nos robaban eran ellos, descaradamente y a manos llenas\u00bb.<br \/>\nVia: <a href=\"https:\/\/www.abc.es\/espana\/catalunya\/politica\/abci-grabacion-mano-derecha-artur-mas-acredita-mordidas-ilegales-convergencia-201909141238_noticia.html\" target=\"_blank\">Una grabaci\u00f3n al &#039;mano derecha&#039; de Artur Mas acredita las \u00abmordidas\u00bb ilegales de Converg\u00e8ncia<\/a><\/p>\n","protected":false},"excerpt":{"rendered":"<p>El exconsejero de la Generalitat Germ\u00e0 Gord\u00f3 ama\u00f1aba supuestamente pagos ilegales de empresarios para financiar a Converg\u00e8ncia, seg\u00fan refleja una conversaci\u00f3n que fue grabada por el empresario y proveedor del partido nacionalista Joan Manuel Parra. En un audio adelantado este s\u00e1bado por El Peri\u00f3dico de Catalunya, Gord\u00f3 se\u00f1ala: \u00abCada vez [&hellip;]<\/p>\n","protected":false},"author":2,"featured_media":110295,"comment_status":"open","ping_status":"closed","sticky":false,"template":"","format":"standard","meta":{"footnotes":""},"categories":[6],"tags":[],"class_list":["post-110294","post","type-post","status-publish","format-standard","has-post-thumbnail","hentry","category-spanish"],"_links":{"self":[{"href":"https:\/\/theworldwidejournal.com\/index.php?rest_route=\/wp\/v2\/posts\/110294","targetHints":{"allow":["GET"]}}],"collection":[{"href":"https:\/\/theworldwidejournal.com\/index.php?rest_route=\/wp\/v2\/posts"}],"about":[{"href":"https:\/\/theworldwidejournal.com\/index.php?rest_route=\/wp\/v2\/types\/post"}],"author":[{"embeddable":true,"href":"https:\/\/theworldwidejournal.com\/index.php?rest_route=\/wp\/v2\/users\/2"}],"replies":[{"embeddable":true,"href":"https:\/\/theworldwidejournal.com\/index.php?rest_route=%2Fwp%2Fv2%2Fcomments&post=110294"}],"version-history":[{"count":0,"href":"https:\/\/theworldwidejournal.com\/index.php?rest_route=\/wp\/v2\/posts\/110294\/revisions"}],"wp:featuredmedia":[{"embeddable":true,"href":"https:\/\/theworldwidejournal.com\/index.php?rest_route=\/wp\/v2\/media\/110295"}],"wp:attachment":[{"href":"https:\/\/theworldwidejournal.com\/index.php?rest_route=%2Fwp%2Fv2%2Fmedia&parent=110294"}],"wp:term":[{"taxonomy":"category","embeddable":true,"href":"https:\/\/theworldwidejournal.com\/index.php?rest_route=%2Fwp%2Fv2%2Fcategories&post=110294"},{"taxonomy":"post_tag","embeddable":true,"href":"https:\/\/theworldwidejournal.com\/index.php?rest_route=%2Fwp%2Fv2%2Ftags&post=110294"}],"curies":[{"name":"wp","href":"https:\/\/api.w.org\/{rel}","templated":true}]}}