{"id":110298,"date":"2019-09-14T11:16:05","date_gmt":"2019-09-14T09:16:05","guid":{"rendered":"https:\/\/theworldwidejournal.com\/2019\/09\/14\/pedro-sanchez-a-los-vecinos-de-orihuela-vamos-a-estar-ahi\/"},"modified":"2019-09-14T11:16:05","modified_gmt":"2019-09-14T09:16:05","slug":"pedro-sanchez-a-los-vecinos-de-orihuela-vamos-a-estar-ahi","status":"publish","type":"post","link":"https:\/\/theworldwidejournal.com\/?p=110298","title":{"rendered":"Pedro S\u00e1nchez, a los vecinos de Orihuela: \u00abVamos a estar ah\u00ed\u00bb"},"content":{"rendered":"<p>El presidente del Gobierno en funciones, Pedro S\u00e1nchez, ha manifestado este s\u00e1bado a los vecinos de Orihuela (Alicante) que el Ejecutivo atender\u00e1 sus necesidades tras los da\u00f1os ocasionados en el municipio por las lluvias torrenciales registradas los \u00faltimos d\u00edas en la zona. A su salida del ayuntamiento de Orihuela, algunos de los vecinos concentrados frente a las puertas del consistorio han pedido al presidente del Gobierno \u00abayudas\u00bb ante los estragos que ha causado el temporal, con cuantiosos da\u00f1os materiales, y S\u00e1nchez les ha respondido: \u00abVamos a estar ah\u00ed\u00bb. El presidente del Gobierno se ha reunido durante unos 20 minutos con representantes del operativo del puesto de mando ubicado en el Ayuntamiento de Orihuela, que est\u00e1 coordinando las tareas de rescate en la Vega Baja del Segura, una de las m\u00e1s afectadas por el paso de la DANA (depresi\u00f3n aislada en niveles altos). Seis personas han perdido la vida en Espa\u00f1a como consecuencia de la DANA, dos de ellas en Orihuela. S\u00e1nchez se ha desplazado despu\u00e9s junto a la comitiva que le acompa\u00f1aba, entre ellos el ministro del Interior en funciones, Fernando Grande Marlaska, y el delegado del Gobierno en la Comunitat Valenciana, Juan Carlos Fulgencio, al puente viejo del municipio, para observar la crecida del caudal del r\u00edo Segura. Estaba previsto que S\u00e1nchez atendiera a los medios de comunicaci\u00f3n e hiciera declaraciones en Orihuela, pero finalmente las har\u00e1 en Los Alc\u00e1zares (Murcia), otra de las localidades m\u00e1s afectadas por el episodio de gota fr\u00eda que ha afectado al sureste de la pen\u00ednsula. El presidente del Gobierno ha abandonado el municipio de Orihuela en coche, y ten\u00eda previsto desplazarse al Aeropuerto Internacional de Murcia, desde donde iniciar\u00e1 una visita a las zonas afectadas con el ministro de Agricultura, Pesca y Alimentaci\u00f3n, Luis Planas.<br \/>\nVia: <a href=\"https:\/\/www.abc.es\/espana\/abci-pedro-sanchez-visita-alcazares-zonas-mas-afectadas-gota-fria-201909141116_video.html\" target=\"_blank\">Pedro S\u00e1nchez, a los vecinos de Orihuela: \u00abVamos a estar ah\u00ed\u00bb<\/a><\/p>\n","protected":false},"excerpt":{"rendered":"<p>El presidente del Gobierno en funciones, Pedro S\u00e1nchez, ha manifestado este s\u00e1bado a los vecinos de Orihuela (Alicante) que el Ejecutivo atender\u00e1 sus necesidades tras los da\u00f1os ocasionados en el municipio por las lluvias torrenciales registradas los \u00faltimos d\u00edas en la zona. A su salida del ayuntamiento de Orihuela, algunos [&hellip;]<\/p>\n","protected":false},"author":2,"featured_media":0,"comment_status":"open","ping_status":"closed","sticky":false,"template":"","format":"standard","meta":{"footnotes":""},"categories":[6],"tags":[],"class_list":["post-110298","post","type-post","status-publish","format-standard","hentry","category-spanish"],"_links":{"self":[{"href":"https:\/\/theworldwidejournal.com\/index.php?rest_route=\/wp\/v2\/posts\/110298","targetHints":{"allow":["GET"]}}],"collection":[{"href":"https:\/\/theworldwidejournal.com\/index.php?rest_route=\/wp\/v2\/posts"}],"about":[{"href":"https:\/\/theworldwidejournal.com\/index.php?rest_route=\/wp\/v2\/types\/post"}],"author":[{"embeddable":true,"href":"https:\/\/theworldwidejournal.com\/index.php?rest_route=\/wp\/v2\/users\/2"}],"replies":[{"embeddable":true,"href":"https:\/\/theworldwidejournal.com\/index.php?rest_route=%2Fwp%2Fv2%2Fcomments&post=110298"}],"version-history":[{"count":0,"href":"https:\/\/theworldwidejournal.com\/index.php?rest_route=\/wp\/v2\/posts\/110298\/revisions"}],"wp:attachment":[{"href":"https:\/\/theworldwidejournal.com\/index.php?rest_route=%2Fwp%2Fv2%2Fmedia&parent=110298"}],"wp:term":[{"taxonomy":"category","embeddable":true,"href":"https:\/\/theworldwidejournal.com\/index.php?rest_route=%2Fwp%2Fv2%2Fcategories&post=110298"},{"taxonomy":"post_tag","embeddable":true,"href":"https:\/\/theworldwidejournal.com\/index.php?rest_route=%2Fwp%2Fv2%2Ftags&post=110298"}],"curies":[{"name":"wp","href":"https:\/\/api.w.org\/{rel}","templated":true}]}}