{"id":110438,"date":"2019-09-15T11:51:03","date_gmt":"2019-09-15T09:51:03","guid":{"rendered":"https:\/\/theworldwidejournal.com\/2019\/09\/15\/la-onu-califica-el-guernica-como-una-protesta-artistica-contra-las-atrocidades-de-la-republica\/"},"modified":"2019-09-15T11:51:03","modified_gmt":"2019-09-15T09:51:03","slug":"la-onu-califica-el-guernica-como-una-protesta-artistica-contra-las-atrocidades-de-la-republica","status":"publish","type":"post","link":"https:\/\/theworldwidejournal.com\/?p=110438","title":{"rendered":"La ONU califica el Guernica como una protesta art\u00edstica contra \u00ablas atrocidades de la Rep\u00fablica\u00bb"},"content":{"rendered":"<p>El secretario general del PSOE de Le\u00f3n, Javier Alfonso Cend\u00f3n, ha promovido una rectificaci\u00f3n en la p\u00e1gina web oficial de la Organizaci\u00f3n de Naciones Unidas (ONU) por referirse al cuadro del Guernica de Pablo Picasso como \u00abuna protesta art\u00edstica contra las atrocidades de la Rep\u00fablica durante la Guerra Civil espa\u00f1ola\u00bb. El tambi\u00e9n diputado socialista por Le\u00f3n y portavoz de la Comisi\u00f3n de Ciencia, Innovaci\u00f3n y Universidades del Congreso de los Diputados denunci\u00f3 el hecho a trav\u00e9s de sus cuentas en redes sociales y exigi\u00f3 una rectificaci\u00f3n. Menos de tres horas despu\u00e9s, la Misi\u00f3n Permanente de Espa\u00f1a ante las Naciones Unidas respondi\u00f3 a Cend\u00f3n a trav\u00e9s de su cuenta oficial en Twitter y anunci\u00f3 que proceder\u00e1 \u00aba solicitar una rectificaci\u00f3n inmediata en el texto publicado en la p\u00e1gina web de Naciones Unidas\u00bb. Cend\u00f3n, que preside uno de los colectivos dedicados a la recuperaci\u00f3n de la memoria hist\u00f3rica en la provincia leonesa, la Asociaci\u00f3n para el Estudio de la Represi\u00f3n en Le\u00f3n (AERLE), ha considerado &#8220;inadmisible&#8221; que se haya cometido esta &#8220;aberraci\u00f3n hist\u00f3rica&#8221;. Picasso pint\u00f3 su c\u00e9lebre cuadro del Guernica entre los meses de mayo y junio de 1937, tras el bombardeo sufrido por la localidad vizca\u00edna el 26 de abril de ese mismo a\u00f1o por parte de los aviones de la Legi\u00f3n Condor alemana, que luch\u00f3 en la Guerra Civil de lado del bando franquista.<br \/>\nVia: <a href=\"https:\/\/www.abc.es\/cultura\/arte\/abci-califica-guernica-como-protesta-artistica-contra-atrocidades-republica-201909151151_noticia.html\" target=\"_blank\">La ONU califica el Guernica como una protesta art\u00edstica contra \u00ablas atrocidades de la Rep\u00fablica\u00bb<\/a><\/p>\n","protected":false},"excerpt":{"rendered":"<p>El secretario general del PSOE de Le\u00f3n, Javier Alfonso Cend\u00f3n, ha promovido una rectificaci\u00f3n en la p\u00e1gina web oficial de la Organizaci\u00f3n de Naciones Unidas (ONU) por referirse al cuadro del Guernica de Pablo Picasso como \u00abuna protesta art\u00edstica contra las atrocidades de la Rep\u00fablica durante la Guerra Civil espa\u00f1ola\u00bb. [&hellip;]<\/p>\n","protected":false},"author":2,"featured_media":110439,"comment_status":"open","ping_status":"closed","sticky":false,"template":"","format":"standard","meta":{"footnotes":""},"categories":[6],"tags":[],"class_list":["post-110438","post","type-post","status-publish","format-standard","has-post-thumbnail","hentry","category-spanish"],"_links":{"self":[{"href":"https:\/\/theworldwidejournal.com\/index.php?rest_route=\/wp\/v2\/posts\/110438","targetHints":{"allow":["GET"]}}],"collection":[{"href":"https:\/\/theworldwidejournal.com\/index.php?rest_route=\/wp\/v2\/posts"}],"about":[{"href":"https:\/\/theworldwidejournal.com\/index.php?rest_route=\/wp\/v2\/types\/post"}],"author":[{"embeddable":true,"href":"https:\/\/theworldwidejournal.com\/index.php?rest_route=\/wp\/v2\/users\/2"}],"replies":[{"embeddable":true,"href":"https:\/\/theworldwidejournal.com\/index.php?rest_route=%2Fwp%2Fv2%2Fcomments&post=110438"}],"version-history":[{"count":0,"href":"https:\/\/theworldwidejournal.com\/index.php?rest_route=\/wp\/v2\/posts\/110438\/revisions"}],"wp:featuredmedia":[{"embeddable":true,"href":"https:\/\/theworldwidejournal.com\/index.php?rest_route=\/wp\/v2\/media\/110439"}],"wp:attachment":[{"href":"https:\/\/theworldwidejournal.com\/index.php?rest_route=%2Fwp%2Fv2%2Fmedia&parent=110438"}],"wp:term":[{"taxonomy":"category","embeddable":true,"href":"https:\/\/theworldwidejournal.com\/index.php?rest_route=%2Fwp%2Fv2%2Fcategories&post=110438"},{"taxonomy":"post_tag","embeddable":true,"href":"https:\/\/theworldwidejournal.com\/index.php?rest_route=%2Fwp%2Fv2%2Ftags&post=110438"}],"curies":[{"name":"wp","href":"https:\/\/api.w.org\/{rel}","templated":true}]}}