{"id":110456,"date":"2019-09-16T00:26:25","date_gmt":"2019-09-15T22:26:25","guid":{"rendered":"https:\/\/theworldwidejournal.com\/2019\/09\/16\/notre-premiere-ambition-pour-la-gare-du-nord-est-detre-au-service-des-usagers\/"},"modified":"2019-09-16T00:26:25","modified_gmt":"2019-09-15T22:26:25","slug":"notre-premiere-ambition-pour-la-gare-du-nord-est-detre-au-service-des-usagers","status":"publish","type":"post","link":"https:\/\/theworldwidejournal.com\/?p=110456","title":{"rendered":"\u00ab\u00a0Notre premi\u00e8re ambition pour la gare du Nord est d\u2019\u00eatre au service des usagers\u00a0\u00bb"},"content":{"rendered":"<p>Denis Valode et Jean Pistre, les architectes charg\u00e9s du r\u00e9am\u00e9nagement de la gare du Nord, \u00e0 Paris, r\u00e9pondent, dans une tribune au \u00ab\u00a0Monde\u00a0\u00bb, \u00e0 ceux de leurs confr\u00e8res qui jugeaient leur projet \u00ab\u00a0inacceptable\u00a0\u00bb dans ces m\u00eames colonnes.<br \/>\nVia: <a href=\"https:\/\/www.lemonde.fr\/idees\/article\/2019\/09\/16\/notre-premiere-ambition-pour-la-gare-du-nord-est-d-etre-au-service-des-usagers_5510798_3232.html\" target=\"_blank\">\u00ab\u00a0Notre premi\u00e8re ambition pour la gare du Nord est d\u2019\u00eatre au service des usagers\u00a0\u00bb<\/a><\/p>\n","protected":false},"excerpt":{"rendered":"<p>Denis Valode et Jean Pistre, les architectes charg\u00e9s du r\u00e9am\u00e9nagement de la gare du Nord, \u00e0 Paris, r\u00e9pondent, dans une tribune au \u00ab\u00a0Monde\u00a0\u00bb, \u00e0 ceux de leurs confr\u00e8res qui jugeaient leur projet \u00ab\u00a0inacceptable\u00a0\u00bb dans ces m\u00eames colonnes. Via: \u00ab\u00a0Notre premi\u00e8re ambition pour la gare du Nord est d\u2019\u00eatre au service [&hellip;]<\/p>\n","protected":false},"author":2,"featured_media":0,"comment_status":"open","ping_status":"closed","sticky":false,"template":"","format":"standard","meta":{"footnotes":""},"categories":[4],"tags":[],"class_list":["post-110456","post","type-post","status-publish","format-standard","hentry","category-french"],"_links":{"self":[{"href":"https:\/\/theworldwidejournal.com\/index.php?rest_route=\/wp\/v2\/posts\/110456","targetHints":{"allow":["GET"]}}],"collection":[{"href":"https:\/\/theworldwidejournal.com\/index.php?rest_route=\/wp\/v2\/posts"}],"about":[{"href":"https:\/\/theworldwidejournal.com\/index.php?rest_route=\/wp\/v2\/types\/post"}],"author":[{"embeddable":true,"href":"https:\/\/theworldwidejournal.com\/index.php?rest_route=\/wp\/v2\/users\/2"}],"replies":[{"embeddable":true,"href":"https:\/\/theworldwidejournal.com\/index.php?rest_route=%2Fwp%2Fv2%2Fcomments&post=110456"}],"version-history":[{"count":0,"href":"https:\/\/theworldwidejournal.com\/index.php?rest_route=\/wp\/v2\/posts\/110456\/revisions"}],"wp:attachment":[{"href":"https:\/\/theworldwidejournal.com\/index.php?rest_route=%2Fwp%2Fv2%2Fmedia&parent=110456"}],"wp:term":[{"taxonomy":"category","embeddable":true,"href":"https:\/\/theworldwidejournal.com\/index.php?rest_route=%2Fwp%2Fv2%2Fcategories&post=110456"},{"taxonomy":"post_tag","embeddable":true,"href":"https:\/\/theworldwidejournal.com\/index.php?rest_route=%2Fwp%2Fv2%2Ftags&post=110456"}],"curies":[{"name":"wp","href":"https:\/\/api.w.org\/{rel}","templated":true}]}}