{"id":110498,"date":"2019-09-16T00:26:35","date_gmt":"2019-09-15T22:26:35","guid":{"rendered":"https:\/\/theworldwidejournal.com\/2019\/09\/16\/la-peor-gota-fria-en-140-anos-arruina-300-000-hectareas-de-huerta-y-citricos\/"},"modified":"2019-09-16T00:26:35","modified_gmt":"2019-09-15T22:26:35","slug":"la-peor-gota-fria-en-140-anos-arruina-300-000-hectareas-de-huerta-y-citricos","status":"publish","type":"post","link":"https:\/\/theworldwidejournal.com\/?p=110498","title":{"rendered":"La peor gota fr\u00eda en 140 a\u00f1os arruina 300.000 hect\u00e1reas de huerta y c\u00edtricos"},"content":{"rendered":"<p>El temporal m\u00e1s grave registrado en Murcia y Alicante en 140 a\u00f1os remiti\u00f3 este domingo, pero el Segura continu\u00f3 desbord\u00e1ndose en algunos puntos. Miles de vecinos segu\u00edan desalojados de sus casas, sin agua potable, y algunos, sin luz. Se temen perder unas 300.000 hect\u00e1reas de cultivo (una superficie equivalente a la provincia de \u00c1lava) en la que est\u00e1 considerada la huerta de Europa, seg\u00fan las primeras estimaciones de dos asociaciones agrarias. El presidente valenciano, Ximo Puig, incidi\u00f3 el domingo en pedir \u201cun plan Marshall\u201d para la zona.Seguir leyendo.<br \/>\nVia: <a href=\"https:\/\/elpais.com\/politica\/2019\/09\/15\/actualidad\/1568574890_062696.html#?ref=rss&#038;format=simple&#038;link=link\" target=\"_blank\">La peor gota fr\u00eda en 140 a\u00f1os arruina 300.000 hect\u00e1reas de huerta y c\u00edtricos<\/a><\/p>\n","protected":false},"excerpt":{"rendered":"<p>El temporal m\u00e1s grave registrado en Murcia y Alicante en 140 a\u00f1os remiti\u00f3 este domingo, pero el Segura continu\u00f3 desbord\u00e1ndose en algunos puntos. Miles de vecinos segu\u00edan desalojados de sus casas, sin agua potable, y algunos, sin luz. Se temen perder unas 300.000 hect\u00e1reas de cultivo (una superficie equivalente a [&hellip;]<\/p>\n","protected":false},"author":2,"featured_media":0,"comment_status":"open","ping_status":"closed","sticky":false,"template":"","format":"standard","meta":{"footnotes":""},"categories":[6],"tags":[],"class_list":["post-110498","post","type-post","status-publish","format-standard","hentry","category-spanish"],"_links":{"self":[{"href":"https:\/\/theworldwidejournal.com\/index.php?rest_route=\/wp\/v2\/posts\/110498","targetHints":{"allow":["GET"]}}],"collection":[{"href":"https:\/\/theworldwidejournal.com\/index.php?rest_route=\/wp\/v2\/posts"}],"about":[{"href":"https:\/\/theworldwidejournal.com\/index.php?rest_route=\/wp\/v2\/types\/post"}],"author":[{"embeddable":true,"href":"https:\/\/theworldwidejournal.com\/index.php?rest_route=\/wp\/v2\/users\/2"}],"replies":[{"embeddable":true,"href":"https:\/\/theworldwidejournal.com\/index.php?rest_route=%2Fwp%2Fv2%2Fcomments&post=110498"}],"version-history":[{"count":0,"href":"https:\/\/theworldwidejournal.com\/index.php?rest_route=\/wp\/v2\/posts\/110498\/revisions"}],"wp:attachment":[{"href":"https:\/\/theworldwidejournal.com\/index.php?rest_route=%2Fwp%2Fv2%2Fmedia&parent=110498"}],"wp:term":[{"taxonomy":"category","embeddable":true,"href":"https:\/\/theworldwidejournal.com\/index.php?rest_route=%2Fwp%2Fv2%2Fcategories&post=110498"},{"taxonomy":"post_tag","embeddable":true,"href":"https:\/\/theworldwidejournal.com\/index.php?rest_route=%2Fwp%2Fv2%2Ftags&post=110498"}],"curies":[{"name":"wp","href":"https:\/\/api.w.org\/{rel}","templated":true}]}}