{"id":110499,"date":"2019-09-15T23:31:21","date_gmt":"2019-09-15T21:31:21","guid":{"rendered":"https:\/\/theworldwidejournal.com\/2019\/09\/15\/nueva-luz-en-el-duelo-unamuno-millan-astray\/"},"modified":"2019-09-15T23:31:21","modified_gmt":"2019-09-15T21:31:21","slug":"nueva-luz-en-el-duelo-unamuno-millan-astray","status":"publish","type":"post","link":"https:\/\/theworldwidejournal.com\/?p=110499","title":{"rendered":"Nueva luz en el duelo Unamuno-Mill\u00e1n Astray"},"content":{"rendered":"<p>La vida de Miguel de Unamuno fue algo m\u00e1s que unos minutos de desaf\u00edo dial\u00e9ctico con Jos\u00e9 Mill\u00e1n Astray en la Universidad de Salamanca. En los \u00faltimos a\u00f1os, sin embargo, todo parece arrinconarle ah\u00ed: en ese momento de osad\u00eda e integridad en un paraninfo donde los j\u00f3venes legionarios y falangistas voceaban m\u00e1s que la treintena de catedr\u00e1ticos presentes aquel 12 de octubre de 1936, D\u00eda de la Raza. Lo ocurrido en esos minutos adquiri\u00f3 tal carga simb\u00f3lica \u2014la inteligencia frente a la sinraz\u00f3n, el pacifismo frente a la violencia\u2014 que, 83 a\u00f1os despu\u00e9s, ha inspirado un peque\u00f1o boom unamuniano, espoleado por la pel\u00edcula de Alejandro Amen\u00e1bar (Mientras dure la guerra), que se estrena en salas el 27 de septiembre. Amen\u00e1bar se ci\u00f1e a esos meses inciertos y violentos en los que Unamuno transita de la celebraci\u00f3n del golpe militar a la condena del mismo. El 12 de octubre es el punto de no retorno. El momento en que los rebeldes se dan cuenta de que aquel escritor decepcionado con la Segunda Rep\u00fablica es una mente demasiado libre para callar lo que no comparte.Seguir leyendo.<br \/>\nVia: <a href=\"https:\/\/elpais.com\/cultura\/2019\/09\/15\/actualidad\/1568568878_174278.html#?ref=rss&#038;format=simple&#038;link=link\" target=\"_blank\">Nueva luz en el duelo Unamuno-Mill\u00e1n Astray<\/a><\/p>\n","protected":false},"excerpt":{"rendered":"<p>La vida de Miguel de Unamuno fue algo m\u00e1s que unos minutos de desaf\u00edo dial\u00e9ctico con Jos\u00e9 Mill\u00e1n Astray en la Universidad de Salamanca. En los \u00faltimos a\u00f1os, sin embargo, todo parece arrinconarle ah\u00ed: en ese momento de osad\u00eda e integridad en un paraninfo donde los j\u00f3venes legionarios y falangistas [&hellip;]<\/p>\n","protected":false},"author":2,"featured_media":0,"comment_status":"open","ping_status":"closed","sticky":false,"template":"","format":"standard","meta":{"footnotes":""},"categories":[6],"tags":[],"class_list":["post-110499","post","type-post","status-publish","format-standard","hentry","category-spanish"],"_links":{"self":[{"href":"https:\/\/theworldwidejournal.com\/index.php?rest_route=\/wp\/v2\/posts\/110499","targetHints":{"allow":["GET"]}}],"collection":[{"href":"https:\/\/theworldwidejournal.com\/index.php?rest_route=\/wp\/v2\/posts"}],"about":[{"href":"https:\/\/theworldwidejournal.com\/index.php?rest_route=\/wp\/v2\/types\/post"}],"author":[{"embeddable":true,"href":"https:\/\/theworldwidejournal.com\/index.php?rest_route=\/wp\/v2\/users\/2"}],"replies":[{"embeddable":true,"href":"https:\/\/theworldwidejournal.com\/index.php?rest_route=%2Fwp%2Fv2%2Fcomments&post=110499"}],"version-history":[{"count":0,"href":"https:\/\/theworldwidejournal.com\/index.php?rest_route=\/wp\/v2\/posts\/110499\/revisions"}],"wp:attachment":[{"href":"https:\/\/theworldwidejournal.com\/index.php?rest_route=%2Fwp%2Fv2%2Fmedia&parent=110499"}],"wp:term":[{"taxonomy":"category","embeddable":true,"href":"https:\/\/theworldwidejournal.com\/index.php?rest_route=%2Fwp%2Fv2%2Fcategories&post=110499"},{"taxonomy":"post_tag","embeddable":true,"href":"https:\/\/theworldwidejournal.com\/index.php?rest_route=%2Fwp%2Fv2%2Ftags&post=110499"}],"curies":[{"name":"wp","href":"https:\/\/api.w.org\/{rel}","templated":true}]}}