{"id":110504,"date":"2019-09-16T01:42:21","date_gmt":"2019-09-15T23:42:21","guid":{"rendered":"https:\/\/theworldwidejournal.com\/2019\/09\/16\/daniel-kutner-embajador-de-israel-en-espana-hay-antiisraelismo-extremo-en-ciertos-sectores-politicos\/"},"modified":"2019-09-16T01:42:21","modified_gmt":"2019-09-15T23:42:21","slug":"daniel-kutner-embajador-de-israel-en-espana-hay-antiisraelismo-extremo-en-ciertos-sectores-politicos","status":"publish","type":"post","link":"https:\/\/theworldwidejournal.com\/?p=110504","title":{"rendered":"Daniel Kutner, embajador de Israel en Espa\u00f1a: \u00abHay antiisraelismo extremo en ciertos sectores pol\u00edticos\u00bb"},"content":{"rendered":"<p>El embajador israel\u00ed, Daniel Kutner, dice adi\u00f3s a su misi\u00f3n en Espa\u00f1a. Tras cuatro a\u00f1os al frente, afronta una \u00faltima semana \u2013con elecciones de por medio en Israel este pr\u00f3ximo martes\u2013 con el convencimiento de que \u00ablas relaciones seguir\u00e1n profundiz\u00e1ndose, no s\u00f3lo con n\u00fameros y estad\u00edsticas, sino al nivel de pueblos\u00bb. \u2014\u00bfEn qu\u00e9 estado se encuentran las relaciones entre Espa\u00f1a e Israel? \u2014Las relaciones son b\u00e1sicamente buenas. Compartimos una Historia com\u00fan, que tuvo sus claroscuros, por la presencia jud\u00eda en Espa\u00f1a hasta 1492. Para la historia del pueblo jud\u00edo, Sefarad \u2013nombre de Espa\u00f1a en hebreo\u2013 ha tenido una importancia muy grande. Por eso, la tragedia de la expulsi\u00f3n fue un trauma que influy\u00f3 en la Historia de mi pueblo. Eso es lo que da una dimensi\u00f3n trascendental a la relaci\u00f3n entre los dos pa\u00edses. Pero, b\u00e1sicamente, hemos reanudado relaciones diplom\u00e1ticas hace 33 a\u00f1os y queremos encaminarlas hacia el futuro como dos pa\u00edses modernos, que tienen en com\u00fan la visi\u00f3n de un mundo basado en la democracia representativa. \u2013\u00bfEn qu\u00e9 \u00e1reas pueden mejorar? \u2013Como todos los amigos, tambi\u00e9n tenemos nuestras discusiones. En el \u00e1rea diplom\u00e1tica, estamos en un di\u00e1logo con diferencias de opini\u00f3n especialmente en lo referente a determinadas votaciones en organismos internacionales. En el \u00e1rea econ\u00f3mica, se hace mucho pero tenemos la impresi\u00f3n de que podemos hacer m\u00e1s. Israel es el segundo socio comercial de Espa\u00f1a en Oriente Medio, solo por detr\u00e1s de Arabia Saud\u00ed. \u2013En noviembre de 2017 el presidente de Israel, Reuven Rivlin, visit\u00f3 Espa\u00f1a. \u00bfSe espera una pr\u00f3xima visita de Su Majestad el Rey a Israel? \u2013Se trabaja en ello. Hemos consultado ciertas posibilidades. La situaci\u00f3n en Espa\u00f1a y en Israel, con un Gobierno en funciones en ambos pa\u00edses, ha complicado algo las cosas. No obstante, el presidente Rivlin ha invitado al Rey a participar en la celebraci\u00f3n del aniversario del levantamiento del gueto de Varsovia a principios del a\u00f1o que viene. Veremos si se puede concretar. \u2013Ha habido un repunte del antisemitismo en ciertos pa\u00edses de Europa, como Francia. \u00bfAfecta a Espa\u00f1a? \u2013Por suerte la frecuencia de ataques que se ha visto en otros pa\u00edses europeos no la vemos aqu\u00ed. Sin embargo, ha habido ciertos incidentes. En Espa\u00f1a, por razones hist\u00f3ricas, uno siempre est\u00e1 en alerta por lo que pueda pasar. \u2013\u00bfEs Espa\u00f1a un pa\u00eds antisemita? \u2013No dir\u00eda que Espa\u00f1a es un pa\u00eds antisemita. Hay sectores donde todav\u00eda sobreviven prejuicios at\u00e1vicos. Hay tambi\u00e9n un antiisraelismo extremo en ciertos sectores pol\u00edticos. \u2013\u00bfLe preocupa un futuro gobierno de coalici\u00f3n en el que est\u00e9 Podemos? \u2013Aspiramos a que la amistad con Israel sea un tema de consenso entre todos los partidos pol\u00edticos. \u2013Ha sido embajador coincidiendo con gobiernos de Rajoy y de S\u00e1nchez. \u00bfQu\u00e9 diferencias ha encontrado entre ambos equipos respecto al conflicto entre Israel y Palestina? \u2013No creo que haya grandes diferencias. En ese sentido el Ministerio de Asuntos Exteriores espa\u00f1ol mantiene una l\u00ednea estable. Eso trasciende los cambios de Gobierno. Hay matices, pero con estabilidad. \u2013Josep Borrell, ministro de Exteriores en funciones, asegur\u00f3 que \u00abel reconocimiento del Estado palestino est\u00e1 sobre la mesa\u00bb&#8230; \u00bfTeme que traslade esta postura a su futuro cargo de Alto Representante de la UE? \u2013[Silencio] Hemos tomado nota. Pero tambi\u00e9n vemos cu\u00e1l es la pol\u00edtica en la pr\u00e1ctica. En este campo tenemos nuestra opini\u00f3n: el eventual reconocimiento de un posible Estado palestino tiene que ser consecuencia de las negociaciones directas que Israel y los palestinos mantengamos. En estos momentos, no hay conversaciones directas: los palestinos no vienen a la mesa de negociaciones y, por lo tanto, un reconocimiento prematuro ser\u00eda nocivo para el proceso de paz. Es un tema que hemos conversado con las autoridades espa\u00f1olas y seguiremos conversando con Bruselas si surge. \u2013Espa\u00f1a participa con unos 600 militares en la misi\u00f3n de la ONU en el sur de L\u00edbano (Finul) para estabilizar la frontera con Israel. \u00bfQu\u00e9 valoraci\u00f3n hace de esa misi\u00f3n? \u2013La situaci\u00f3n del sur de L\u00edbano es muy vol\u00e1til. Hizbol\u00e1 es una organizaci\u00f3n terrorista declarada por diversos pa\u00edses y organizaciones internacionales. Es un aliado fraternal del r\u00e9gimen de Ir\u00e1n, hasta el punto de que muchos libaneses sospechan de que act\u00faa seg\u00fan intereses iran\u00edes m\u00e1s que libaneses. Y ahora que la guerra civil en Siria parece que llega a su fin, el temor es que vuelvan esas huestes de Siria \u2013fuerzas expedicionarias de Hizbol\u00e1\u2013, para reforzar a otras fuerzas que se enfrentan a Israel. Est\u00e1n anunciando que estamos en la mira. Tambi\u00e9n quieren extender el frente sobre Israel a la parte siria. \u2013Preocupa la aparici\u00f3n de t\u00faneles en sectores de la misi\u00f3n de la ONU que llegan hasta Israel&#8230; \u2013La misi\u00f3n de la ONU es importante para ayudar a mantener la precaria paz que existe hoy d\u00eda. Por supuesto, nos gustar\u00eda un mandato de Finul m\u00e1s decisivo y que le permitiera tomar medidas para cumplir realmente con su misi\u00f3n de erradicar las armas ilegales bajo su control del sur de L\u00edbano. Se hace de forma muy limitada debido a las pol\u00edticas de disuasi\u00f3n que mantiene Hizbol\u00e1 por medio de sus agentes en las aldeas de la zona. L\u00edbano tambi\u00e9n impone limitaciones a entrar en propiedad privada. Queda mucho por hacer en Finul. Dicho esto, nos parece muy positiva la presencia de las tropas espa\u00f1olas. \u2013El 28 de enero de 2015 un ataque de las tropas israel\u00edes acab\u00f3 con la vida de un militar espa\u00f1ol, el cabo Francisco Javier Soria Toledo. \u00bfC\u00f3mo influy\u00f3 esta muerte en las relaciones entre ambos pa\u00edses y ej\u00e9rcitos? \u2013Fue un asunto tr\u00e1gico, un error. Israel comparti\u00f3 con el Ministerio de Defensa de Espa\u00f1a los resultados de la investigaci\u00f3n. Las autoridades espa\u00f1olas aceptaron esas conclusiones. Se ha llegado tambi\u00e9n a un acuerdo de compensaci\u00f3n con la familia del finado cabo y creo que por eso hemos superado ese hecho tan tr\u00e1gico. \u2013\u00bfQu\u00e9 conclusiones se extrajeron de la investigaci\u00f3n? \u2013La investigaci\u00f3n se ocup\u00f3 de ver c\u00f3mo sucedi\u00f3 el error, apuntando a las responsabilidades, a qui\u00e9n y c\u00f3mo se hab\u00eda producido ese error. Todo ello en un intercambio de fuego a consecuencia de un ataque de Hizbol\u00e1 a Israel. \u2013El&hellip;<br \/>\nVia: <a href=\"https:\/\/www.abc.es\/espana\/abci-daniel-kutner-embajador-israel-espana-antiisraelismo-extremo-ciertos-sectores-politicos-201909160142_noticia.html\" target=\"_blank\">Daniel Kutner, embajador de Israel en Espa\u00f1a: \u00abHay antiisraelismo extremo en ciertos sectores pol\u00edticos\u00bb<\/a><\/p>\n","protected":false},"excerpt":{"rendered":"<p>El embajador israel\u00ed, Daniel Kutner, dice adi\u00f3s a su misi\u00f3n en Espa\u00f1a. Tras cuatro a\u00f1os al frente, afronta una \u00faltima semana \u2013con elecciones de por medio en Israel este pr\u00f3ximo martes\u2013 con el convencimiento de que \u00ablas relaciones seguir\u00e1n profundiz\u00e1ndose, no s\u00f3lo con n\u00fameros y estad\u00edsticas, sino al nivel de [&hellip;]<\/p>\n","protected":false},"author":2,"featured_media":110505,"comment_status":"open","ping_status":"closed","sticky":false,"template":"","format":"standard","meta":{"footnotes":""},"categories":[6],"tags":[],"class_list":["post-110504","post","type-post","status-publish","format-standard","has-post-thumbnail","hentry","category-spanish"],"_links":{"self":[{"href":"https:\/\/theworldwidejournal.com\/index.php?rest_route=\/wp\/v2\/posts\/110504","targetHints":{"allow":["GET"]}}],"collection":[{"href":"https:\/\/theworldwidejournal.com\/index.php?rest_route=\/wp\/v2\/posts"}],"about":[{"href":"https:\/\/theworldwidejournal.com\/index.php?rest_route=\/wp\/v2\/types\/post"}],"author":[{"embeddable":true,"href":"https:\/\/theworldwidejournal.com\/index.php?rest_route=\/wp\/v2\/users\/2"}],"replies":[{"embeddable":true,"href":"https:\/\/theworldwidejournal.com\/index.php?rest_route=%2Fwp%2Fv2%2Fcomments&post=110504"}],"version-history":[{"count":0,"href":"https:\/\/theworldwidejournal.com\/index.php?rest_route=\/wp\/v2\/posts\/110504\/revisions"}],"wp:featuredmedia":[{"embeddable":true,"href":"https:\/\/theworldwidejournal.com\/index.php?rest_route=\/wp\/v2\/media\/110505"}],"wp:attachment":[{"href":"https:\/\/theworldwidejournal.com\/index.php?rest_route=%2Fwp%2Fv2%2Fmedia&parent=110504"}],"wp:term":[{"taxonomy":"category","embeddable":true,"href":"https:\/\/theworldwidejournal.com\/index.php?rest_route=%2Fwp%2Fv2%2Fcategories&post=110504"},{"taxonomy":"post_tag","embeddable":true,"href":"https:\/\/theworldwidejournal.com\/index.php?rest_route=%2Fwp%2Fv2%2Ftags&post=110504"}],"curies":[{"name":"wp","href":"https:\/\/api.w.org\/{rel}","templated":true}]}}