{"id":110506,"date":"2019-09-16T01:39:52","date_gmt":"2019-09-15T23:39:52","guid":{"rendered":"https:\/\/theworldwidejournal.com\/2019\/09\/16\/alfonso-alonso-si-veo-a-cayetana-no-me-acordare-de-lo-que-ha-pasado\/"},"modified":"2019-09-16T01:39:52","modified_gmt":"2019-09-15T23:39:52","slug":"alfonso-alonso-si-veo-a-cayetana-no-me-acordare-de-lo-que-ha-pasado","status":"publish","type":"post","link":"https:\/\/theworldwidejournal.com\/?p=110506","title":{"rendered":"Alfonso Alonso: \u00abSi veo a Cayetana no me acordar\u00e9 de lo que ha pasado\u00bb"},"content":{"rendered":"<p>Alfonso Alonso (Vitoria, 1967) respira tras la bendici\u00f3n de Pablo Casado al proyecto del PP vasco. El presidente de la formaci\u00f3n auton\u00f3mica incide en el \u00e9xito de la Convenci\u00f3n de este fin de semana y apuesta por zanjar los debates internos. \u00bfSale reforzado el PP vasco de esta Convenci\u00f3n? Yo creo que s\u00ed. Salimos con unas ideas muy claras y expresamos cu\u00e1l es nuestro ideario. Tambi\u00e9n nos ha servido para zanjar esa especie de disputa o separaci\u00f3n ente el PP vasco y el PP en el conjunto de Espa\u00f1a. En su discurso, Casado lanz\u00f3 varios \u00abgui\u00f1os\u00bb al PP vasco y aprob\u00f3 su defensa de las especificidades auton\u00f3micas. \u00bfEs suficiente para cicatrizar heridas tras las cr\u00edticas de Cayetana \u00c1lvarez de Toledo? Por supuesto. Yo ya no pienso m\u00e1s en eso, fue un accidente en el camino. El PP vasco est\u00e1 al servicio del proyecto nacional y vamos a trabajar para que Casado sea presidente. Sabemos que tiene sensibilidad territorial y creo que conoce cu\u00e1l es su papel, que es el de amparar y proteger a las organizaciones territoriales. Es lo que ha hecho. Otros dirigentes de su partido han hablado de dolor, de enfado. \u00bfC\u00f3mo recibi\u00f3 usted las declaraciones de la portavoz en el Congreso? Mire, yo llevo 30 a\u00f1os en pol\u00edtica y me he equivocado muchas veces. No s\u00e9 si Cayetana quer\u00eda decir eso o no. Lo que hice fue mandarle nuestro documento pol\u00edtico, que creo que es claro, y ella me dese\u00f3 mucha suerte para la Convenci\u00f3n. Yo creo que habr\u00e1 ocasi\u00f3n de vernos, y cuando eso suceda ya no me acordar\u00e9 de lo que ha pasado. \u00bfLe pide una rectificaci\u00f3n, como hizo Borja S\u00e9mper? No, yo no le pido nada. Cuando la vea, como si esto no hubiera ocurrido. Y luego, si hay alguna diferencia respecto a lo que significa la foralidad, estoy abierto a discutirlo. Es importante para nosotros defender una foralidad constitucional que de ninguna manera puede significar una quiebra de la igualdad entre el conjunto de los espa\u00f1oles. Lo cierto es que no todos en el partido est\u00e1n contentos con el rumbo del PP vasco. Ha habido cr\u00edticas internas m\u00e1s all\u00e1 de los dardos de \u00c1lvarez de Toledo. \u00bfSe siente respaldado por G\u00e9nova? Yo he o\u00eddo cr\u00edticas siempre. Y siempre es un lastre. A veces, a nuestros militantes les cansa estar todo el rato demostrando que est\u00e1n defendido estos valores, que est\u00e1n luchando, que son aut\u00e9nticos. No es algo nuevo, pero creo que era importante un posicionamiento claro por parte del presidente del partido nacional y ayer lo tuvimos. \u00bfQu\u00e9 opina de esa oposici\u00f3n de una parte del propio PP vasco? Puede haber mucha gente que opine. En el partido estas cosas las hablamos dentro, es mi obligaci\u00f3n. Yo ah\u00ed no veo discrepancias profundas, a veces tenemos discusiones respecto a la l\u00ednea a seguir como es natural. Pero yo veo muy unido al PP en el Pa\u00eds Vasco. ABC inform\u00f3 del encuentro que Casado mantuvo en Madrid con I\u00f1igo Arcauz, que parece dispuesto a impulsar una renovaci\u00f3n en el PP vasco. \u00bfQu\u00e9 le sugiere ese movimiento? Lo le\u00ed, y me hizo gracia. Porque ese mismo d\u00eda yo com\u00ed con Pablo Casado. Como el presidente lo dijo en su intervenci\u00f3n lo puedo decir, pero yo no se lo cont\u00e9 a los medios. Yo puedo hablar muchas veces con Casado, pero en mi opini\u00f3n no hay que utilizar estas cosas. La gente tiene que tener respeto por su presidente, y yo pido que se tenga prudencia. Sobre todo los que tienen af\u00e1n por hacer carrera deben ser prudentes. Arcauz fue cabeza de lista por Guip\u00fazcoa en las pasadas generales. Si vuelve a haber elecciones, \u00bfes partidario de que se mantengan las listas? No creo que sea posible, pero no tiene sentido que me pronuncie sin hablar con la direcci\u00f3n nacional, que es la que tiene la decisi\u00f3n final. \u00bfLo dice por Javier Maroto? \u00bfQu\u00e9 le parece su decisi\u00f3n de empadronarse en Segovia? No hay que infravalorar a Javier Maroto, por su trayectoria y por todo lo que ha dado en esta tierra. Yo entiendo lo que ha pasado y al menos se merece que yo no le critique. Es su decisi\u00f3n. Ayer, Casado ahond\u00f3 en la importancia de unir a las fuerzas de centroderecha. \u00bfEs viable la marca \u00abEuskadi Suma\u00bb? Est\u00e1 bien que agrupemos fuerzas en el centroderecha, pero creo que Ciudadanos no est\u00e1 en eso. Yo de hecho lo intent\u00e9 la pasada primavera y no quisieron. Me dieron un portazo, y no oculto mi decepci\u00f3n. Ahora dicen a nivel nacional que ser\u00eda muy bueno hacerlo\u2026 Pues s\u00ed, pero creo que son los de Cs los que tienen que hacer una reflexi\u00f3n. \u00bfY con Vox? Es un partido con el que tenemos diferencias muy profundas. No veo que podamos lanzar una oferta electoral coherente con un partido con el que tenemos tanta distancia. Vox es un partido nacionalista espa\u00f1ol, y yo no soy nacionalista en absoluto. Pero es que el PP tampoco lo es.<br \/>\nVia: <a href=\"https:\/\/www.abc.es\/espana\/pais-vasco\/abci-alfonso-alonso-si-cayetana-no-acordare-pasado-201909160139_noticia.html\" target=\"_blank\">Alfonso Alonso: \u00abSi veo a Cayetana no me acordar\u00e9 de lo que ha pasado\u00bb<\/a><\/p>\n","protected":false},"excerpt":{"rendered":"<p>Alfonso Alonso (Vitoria, 1967) respira tras la bendici\u00f3n de Pablo Casado al proyecto del PP vasco. El presidente de la formaci\u00f3n auton\u00f3mica incide en el \u00e9xito de la Convenci\u00f3n de este fin de semana y apuesta por zanjar los debates internos. \u00bfSale reforzado el PP vasco de esta Convenci\u00f3n? Yo [&hellip;]<\/p>\n","protected":false},"author":2,"featured_media":110507,"comment_status":"open","ping_status":"closed","sticky":false,"template":"","format":"standard","meta":{"footnotes":""},"categories":[6],"tags":[],"class_list":["post-110506","post","type-post","status-publish","format-standard","has-post-thumbnail","hentry","category-spanish"],"_links":{"self":[{"href":"https:\/\/theworldwidejournal.com\/index.php?rest_route=\/wp\/v2\/posts\/110506","targetHints":{"allow":["GET"]}}],"collection":[{"href":"https:\/\/theworldwidejournal.com\/index.php?rest_route=\/wp\/v2\/posts"}],"about":[{"href":"https:\/\/theworldwidejournal.com\/index.php?rest_route=\/wp\/v2\/types\/post"}],"author":[{"embeddable":true,"href":"https:\/\/theworldwidejournal.com\/index.php?rest_route=\/wp\/v2\/users\/2"}],"replies":[{"embeddable":true,"href":"https:\/\/theworldwidejournal.com\/index.php?rest_route=%2Fwp%2Fv2%2Fcomments&post=110506"}],"version-history":[{"count":0,"href":"https:\/\/theworldwidejournal.com\/index.php?rest_route=\/wp\/v2\/posts\/110506\/revisions"}],"wp:featuredmedia":[{"embeddable":true,"href":"https:\/\/theworldwidejournal.com\/index.php?rest_route=\/wp\/v2\/media\/110507"}],"wp:attachment":[{"href":"https:\/\/theworldwidejournal.com\/index.php?rest_route=%2Fwp%2Fv2%2Fmedia&parent=110506"}],"wp:term":[{"taxonomy":"category","embeddable":true,"href":"https:\/\/theworldwidejournal.com\/index.php?rest_route=%2Fwp%2Fv2%2Fcategories&post=110506"},{"taxonomy":"post_tag","embeddable":true,"href":"https:\/\/theworldwidejournal.com\/index.php?rest_route=%2Fwp%2Fv2%2Ftags&post=110506"}],"curies":[{"name":"wp","href":"https:\/\/api.w.org\/{rel}","templated":true}]}}