{"id":110508,"date":"2019-09-16T01:39:20","date_gmt":"2019-09-15T23:39:20","guid":{"rendered":"https:\/\/theworldwidejournal.com\/2019\/09\/16\/el-pp-dice-ser-un-partido-de-estado-y-que-sanchez-no-quiso-acuerdos\/"},"modified":"2019-09-16T01:39:20","modified_gmt":"2019-09-15T23:39:20","slug":"el-pp-dice-ser-un-partido-de-estado-y-que-sanchez-no-quiso-acuerdos","status":"publish","type":"post","link":"https:\/\/theworldwidejournal.com\/?p=110508","title":{"rendered":"El PP dice ser un partido de estado y que S\u00e1nchez no quiso acuerdos"},"content":{"rendered":"<p>En G\u00e9nova no se dan por aludidos cuando el presidente de la Xunta de Galicia, Alberto N\u00fa\u00f1ez Feij\u00f3o, afirma, en una entrevista en ABC, que si en Espa\u00f1a hubiera hombres de Estado, y no pol\u00edticos adolescentes, habr\u00eda un Gobierno de coalici\u00f3n. Pablo Casado record\u00f3 este fin de semana en Vitoria que hab\u00eda ofrecido once pactos de Estado a Pedro S\u00e1nchez despu\u00e9s de las elecciones generales, pero el l\u00edder socialista fue quien rechaz\u00f3 cualquier acuerdo con el Partido Popular, y prefiri\u00f3 buscar alianzas con los independentistas, los nacionalistas y los populistas. El ejemplo m\u00e1s sangrante para el PP es Navarra. Para los populares fue la prueba de fuego de que S\u00e1nchez no quer\u00eda nada con los constitucionalistas, ni pactar un acuerdo de investidura, ni mucho menos un Gobierno de coalici\u00f3n. \u00abEl PP es un partido de Estado\u00bb, subrayan fuentes parlamentarias populares consultadas por ABC. \u00abHemos ofrecido pactos a Pedro S\u00e1nchez, que no quiso pactar con Mariano Rajoy en 2016 cuando este se lo ofreci\u00f3 y ahora es quien ha dicho que su socio preferente es Podemos\u00bb. Los populares advierten de que \u00abno puede haber una gran coalici\u00f3n si al otro lado de la mesa est\u00e1 el del no es no\u00bb. Ante la posibilidad de que el PP pueda facilitar una investidura de S\u00e1nchez si se repiten las elecciones generales, y se mantiene el mismo reparto de fuerzas, o parecido, las mismas fuentes lo rechazan, con el mismo argumento del ejemplo de Navarra y porque creen que si alg\u00fan partido tendr\u00eda que abstenerse ese ser\u00eda, en todo caso, Ciudadanos. En el Grupo Popular no comparten la idea expresada por el presidente de la Xunta de Galicia de que los votantes del PP aceptar\u00edan y entender\u00edan un acuerdo con S\u00e1nchez, ya fuera para una coalici\u00f3n o para un pacto de investidura. Las encuestas, recuerdan las fuentes de G\u00e9nova consultadas por ABC, reflejan con claridad que los votantes populares rechazan una coalici\u00f3n con S\u00e1nchez de plano: \u00abHasta el CIS y todas las encuestas dejan claro el rechazo de nuestro electorado a formar un Gobierno con Pedro S\u00e1nchez\u00bb, remarcan fuentes parlamentarias. La entrevista del presidente gallego ha provocado otras reacciones, tanto dentro como fuera del PP. Dolors Montserrat, exministra de Sanidad y portavoz popular en el Parlamento Europeo, afirm\u00f3 ayer que \u00absi hay elecciones el \u00fanico culpable es S\u00e1nchez\u00bb, y record\u00f3 los pactos de los socialistas para formar Gobierno en Navarra, con EH Bildu, y en la Diputaci\u00f3n de Barcelona, con Junts per Catalunya, informa Ep. \u00abTodo es un parip\u00e9 para su \u00fanico objetivo personal de convocar elecciones por su inter\u00e9s de mantenerse en La Moncloa. No le importamos ni los espa\u00f1oles ni Espa\u00f1a; solo le importa su silla\u00bb, seg\u00fan Montserrat, que defiende que a Espa\u00f1a le va mejor cuando gobierna su formaci\u00f3n pol\u00edtiva. Asimismo insisti\u00f3 en que S\u00e1nchez no ha sido capaz de aprobar unos Presupuestos ni de conseguir dos investiduras, y le pidi\u00f3 que \u00abno busque culpables fuera\u00bb, ya que le considera \u00fanico culpable de que pueda haber nuevas elecciones. Tambi\u00e9n se pronunci\u00f3 ayer sobre la gran coalici\u00f3n propugnada por Alberto N\u00fa\u00f1ez Feij\u00f3o el l\u00edder de los populares alaveses, I\u00f1aki Oyarz\u00e1bal, quien afirm\u00f3 que le parecer\u00eda \u00abbien\u00bb cualquier acuerdo que d\u00e9 estabilidad a Espa\u00f1a. En todo caso, y ante la \u00abimposibilidad\u00bb de que los partidos de izquierda \u00abasuman\u00bb los resultados de los \u00faltimos comicios, llam\u00f3 a la \u00abconfianza\u00bb de \u00abuna mayor\u00eda de espa\u00f1oles que necesita a alguien que gobierne y que ponga este pa\u00eds a trabajar\u00bb. Hay que recordar que el PP vasco celebr\u00f3 este fin de semana una convenci\u00f3n en la que hubo un cierre de filas con G\u00e9nova, despu\u00e9s de algunos desencuentros con la direcci\u00f3n nacional, y muy especialmente con la portavoz parlamentaria Cayetana \u00c1lvarez de Toledo, que acus\u00f3 a los populares vascos de contemporizar con el nacionalismo. La proximidad de las elecciones generales y tambi\u00e9n auton\u00f3micas propici\u00f3 el s\u00e1bado un cierre de filas, pero eso no quiere decir que, como Feij\u00f3o propone, desde esa comunidad se considere que lo mejor es centrar al partido tras un periodo de escoramiento a la derecha. Las palabras de Feij\u00f3o tambi\u00e9n fueron comentadas por la secretaria general de los socialistas vascos, Idoia Mendia, que asegur\u00f3 que lo \u00abl\u00f3gico\u00bb hubiera sido que el PP hubiera facilitado un nuevo Ejecutivo de Pedro S\u00e1nchez. \u00abEs necesario un gobierno progresista que la mayor\u00eda ciudadana vot\u00f3. Hay tanta distancia de esca\u00f1os entre el PSOE y el resto que ser\u00e1 dif\u00edcil que el panorama cambie, por lo que hubieran debido tener altura de miras y visi\u00f3n de Estado\u00bb. No obstante consider\u00f3 que la voz de Feij\u00f3o es absolutamente aislada en su partido.<br \/>\nVia: <a href=\"https:\/\/www.abc.es\/espana\/abci-pp-dice-partido-estado-y-sanchez-no-quiso-acuerdos-201909160139_noticia.html\" target=\"_blank\">El PP dice ser un partido de estado y que S\u00e1nchez no quiso acuerdos<\/a><\/p>\n","protected":false},"excerpt":{"rendered":"<p>En G\u00e9nova no se dan por aludidos cuando el presidente de la Xunta de Galicia, Alberto N\u00fa\u00f1ez Feij\u00f3o, afirma, en una entrevista en ABC, que si en Espa\u00f1a hubiera hombres de Estado, y no pol\u00edticos adolescentes, habr\u00eda un Gobierno de coalici\u00f3n. Pablo Casado record\u00f3 este fin de semana en Vitoria [&hellip;]<\/p>\n","protected":false},"author":2,"featured_media":110509,"comment_status":"open","ping_status":"closed","sticky":false,"template":"","format":"standard","meta":{"footnotes":""},"categories":[6],"tags":[],"class_list":["post-110508","post","type-post","status-publish","format-standard","has-post-thumbnail","hentry","category-spanish"],"_links":{"self":[{"href":"https:\/\/theworldwidejournal.com\/index.php?rest_route=\/wp\/v2\/posts\/110508","targetHints":{"allow":["GET"]}}],"collection":[{"href":"https:\/\/theworldwidejournal.com\/index.php?rest_route=\/wp\/v2\/posts"}],"about":[{"href":"https:\/\/theworldwidejournal.com\/index.php?rest_route=\/wp\/v2\/types\/post"}],"author":[{"embeddable":true,"href":"https:\/\/theworldwidejournal.com\/index.php?rest_route=\/wp\/v2\/users\/2"}],"replies":[{"embeddable":true,"href":"https:\/\/theworldwidejournal.com\/index.php?rest_route=%2Fwp%2Fv2%2Fcomments&post=110508"}],"version-history":[{"count":0,"href":"https:\/\/theworldwidejournal.com\/index.php?rest_route=\/wp\/v2\/posts\/110508\/revisions"}],"wp:featuredmedia":[{"embeddable":true,"href":"https:\/\/theworldwidejournal.com\/index.php?rest_route=\/wp\/v2\/media\/110509"}],"wp:attachment":[{"href":"https:\/\/theworldwidejournal.com\/index.php?rest_route=%2Fwp%2Fv2%2Fmedia&parent=110508"}],"wp:term":[{"taxonomy":"category","embeddable":true,"href":"https:\/\/theworldwidejournal.com\/index.php?rest_route=%2Fwp%2Fv2%2Fcategories&post=110508"},{"taxonomy":"post_tag","embeddable":true,"href":"https:\/\/theworldwidejournal.com\/index.php?rest_route=%2Fwp%2Fv2%2Ftags&post=110508"}],"curies":[{"name":"wp","href":"https:\/\/api.w.org\/{rel}","templated":true}]}}