{"id":110510,"date":"2019-09-16T00:59:46","date_gmt":"2019-09-15T22:59:46","guid":{"rendered":"https:\/\/theworldwidejournal.com\/2019\/09\/16\/casemiro-listo-para-jugar-en-paris\/"},"modified":"2019-09-16T00:59:46","modified_gmt":"2019-09-15T22:59:46","slug":"casemiro-listo-para-jugar-en-paris","status":"publish","type":"post","link":"https:\/\/theworldwidejournal.com\/?p=110510","title":{"rendered":"Casemiro, listo para jugar en Par\u00eds"},"content":{"rendered":"<p>Casemiro se encuentra \u00abperfecto\u00bb. La preocupaci\u00f3n del madridismo desaparece. Junto a Benzema y James, el brasile\u00f1o es el alma de este Real Madrid y su relevo ante el Levante hizo pensar a algunos en una lesi\u00f3n. Est\u00e1 bien. No hay problema. Jugar\u00e1 con el conjunto blanco en Par\u00eds. En Par\u00eds jugar\u00e1n Varane y Militao como centrales, dados los castigos europeos de Ramos y Nacho Zidane le cambi\u00f3 para no forzarle m\u00e1s. Jug\u00f3 el s\u00e1bado tras un largo viaje desde la concentraci\u00f3n de la selecci\u00f3n brasile\u00f1a en Estados Unidos. Lleg\u00f3 el jueves por la tarde, con el desfase horario. Se ejercit\u00f3 el viernes por la ma\u00f1ana. Y se enfrent\u00f3 al Levante el s\u00e1bado con una sola sesi\u00f3n de trabajo a las \u00f3rdenes de Zidane. El ataque lo encabezar\u00e1n Benzema y Bale, quien no jug\u00f3 ante el Levante por sanci\u00f3n El franc\u00e9s le concedi\u00f3 una hora de partido. El brasile\u00f1o anot\u00f3 el tercer gol madridista, tras un excelente pase de Vinicius. Y su sustituci\u00f3n, la verdad, se not\u00f3 mucho. El Real Madrid sufri\u00f3. Soport\u00f3 dos goles y el 3-2 puso a la afici\u00f3n blanca en vilo. Casemiro \u00abno pod\u00eda m\u00e1s\u00bb, adujo Zinedine para justificar su relevo. Estar\u00e1 en Par\u00eds frente al PSG el mi\u00e9rcoles. Ayer, Casemiro y el resto de los jugadores titulares en el partido de Liga realizaron carrera continua sobre el c\u00e9sped y m\u00e1s trabajo en el interior de las instalaciones. Para visitar al PSG son baja Asensio, Modric, Valverde e Isco, lesionados, m\u00e1s los sancionados Nacho y Ramos. En el Parque de los Pr\u00edncipes jugar\u00e1n como centrales Varane y Militao. Arriba estar\u00e1n Benzema y Bale, que no jug\u00f3 en Liga por su castigo tras ser expulsado en Villarreal.<br \/>\nVia: <a href=\"https:\/\/www.abc.es\/deportes\/real-madrid\/abci-casemiro-listo-para-jugar-paris-201909160059_noticia.html\" target=\"_blank\">Casemiro, listo para jugar en Par\u00eds<\/a><\/p>\n","protected":false},"excerpt":{"rendered":"<p>Casemiro se encuentra \u00abperfecto\u00bb. La preocupaci\u00f3n del madridismo desaparece. Junto a Benzema y James, el brasile\u00f1o es el alma de este Real Madrid y su relevo ante el Levante hizo pensar a algunos en una lesi\u00f3n. Est\u00e1 bien. No hay problema. Jugar\u00e1 con el conjunto blanco en Par\u00eds. En Par\u00eds [&hellip;]<\/p>\n","protected":false},"author":2,"featured_media":110511,"comment_status":"open","ping_status":"closed","sticky":false,"template":"","format":"standard","meta":{"footnotes":""},"categories":[6],"tags":[],"class_list":["post-110510","post","type-post","status-publish","format-standard","has-post-thumbnail","hentry","category-spanish"],"_links":{"self":[{"href":"https:\/\/theworldwidejournal.com\/index.php?rest_route=\/wp\/v2\/posts\/110510","targetHints":{"allow":["GET"]}}],"collection":[{"href":"https:\/\/theworldwidejournal.com\/index.php?rest_route=\/wp\/v2\/posts"}],"about":[{"href":"https:\/\/theworldwidejournal.com\/index.php?rest_route=\/wp\/v2\/types\/post"}],"author":[{"embeddable":true,"href":"https:\/\/theworldwidejournal.com\/index.php?rest_route=\/wp\/v2\/users\/2"}],"replies":[{"embeddable":true,"href":"https:\/\/theworldwidejournal.com\/index.php?rest_route=%2Fwp%2Fv2%2Fcomments&post=110510"}],"version-history":[{"count":0,"href":"https:\/\/theworldwidejournal.com\/index.php?rest_route=\/wp\/v2\/posts\/110510\/revisions"}],"wp:featuredmedia":[{"embeddable":true,"href":"https:\/\/theworldwidejournal.com\/index.php?rest_route=\/wp\/v2\/media\/110511"}],"wp:attachment":[{"href":"https:\/\/theworldwidejournal.com\/index.php?rest_route=%2Fwp%2Fv2%2Fmedia&parent=110510"}],"wp:term":[{"taxonomy":"category","embeddable":true,"href":"https:\/\/theworldwidejournal.com\/index.php?rest_route=%2Fwp%2Fv2%2Fcategories&post=110510"},{"taxonomy":"post_tag","embeddable":true,"href":"https:\/\/theworldwidejournal.com\/index.php?rest_route=%2Fwp%2Fv2%2Ftags&post=110510"}],"curies":[{"name":"wp","href":"https:\/\/api.w.org\/{rel}","templated":true}]}}