{"id":110529,"date":"2019-09-16T14:38:18","date_gmt":"2019-09-16T12:38:18","guid":{"rendered":"https:\/\/theworldwidejournal.com\/2019\/09\/16\/proteger-le-mode-de-vie-europeen-ursula-von-der-leyen-justifie-lintitule-dun-portefeuille-de-commissaire\/"},"modified":"2019-09-16T14:38:18","modified_gmt":"2019-09-16T12:38:18","slug":"proteger-le-mode-de-vie-europeen-ursula-von-der-leyen-justifie-lintitule-dun-portefeuille-de-commissaire","status":"publish","type":"post","link":"https:\/\/theworldwidejournal.com\/?p=110529","title":{"rendered":"\u00ab\u00a0Prot\u00e9ger le mode de vie europ\u00e9en\u00a0\u00bb\u00a0: Ursula von der Leyen justifie l\u2019intitul\u00e9 d\u2019un portefeuille de commissaire"},"content":{"rendered":"<p>Dans une tribune publi\u00e9e lundi, la future pr\u00e9sidente de la Commission europ\u00e9enne justifie sa d\u00e9cision par la n\u00e9cessit\u00e9 de d\u00e9fendre les valeurs de l\u2019UE, menac\u00e9es, selon elle, par les adversaires de l\u2019Europe.<br \/>\nVia: <a href=\"https:\/\/www.lemonde.fr\/international\/article\/2019\/09\/16\/protection-de-notre-mode-de-vie-europeen-ursula-von-der-leyen-justifie-l-intitule-du-portefeuille-de-commissaire_5511042_3210.html\" target=\"_blank\">\u00ab\u00a0Prot\u00e9ger le mode de vie europ\u00e9en\u00a0\u00bb\u00a0: Ursula von der Leyen justifie l\u2019intitul\u00e9 d\u2019un portefeuille de commissaire<\/a><\/p>\n","protected":false},"excerpt":{"rendered":"<p>Dans une tribune publi\u00e9e lundi, la future pr\u00e9sidente de la Commission europ\u00e9enne justifie sa d\u00e9cision par la n\u00e9cessit\u00e9 de d\u00e9fendre les valeurs de l\u2019UE, menac\u00e9es, selon elle, par les adversaires de l\u2019Europe. Via: \u00ab\u00a0Prot\u00e9ger le mode de vie europ\u00e9en\u00a0\u00bb\u00a0: Ursula von der Leyen justifie l\u2019intitul\u00e9 d\u2019un portefeuille de commissaire<\/p>\n","protected":false},"author":2,"featured_media":0,"comment_status":"open","ping_status":"closed","sticky":false,"template":"","format":"standard","meta":{"footnotes":""},"categories":[4],"tags":[],"class_list":["post-110529","post","type-post","status-publish","format-standard","hentry","category-french"],"_links":{"self":[{"href":"https:\/\/theworldwidejournal.com\/index.php?rest_route=\/wp\/v2\/posts\/110529","targetHints":{"allow":["GET"]}}],"collection":[{"href":"https:\/\/theworldwidejournal.com\/index.php?rest_route=\/wp\/v2\/posts"}],"about":[{"href":"https:\/\/theworldwidejournal.com\/index.php?rest_route=\/wp\/v2\/types\/post"}],"author":[{"embeddable":true,"href":"https:\/\/theworldwidejournal.com\/index.php?rest_route=\/wp\/v2\/users\/2"}],"replies":[{"embeddable":true,"href":"https:\/\/theworldwidejournal.com\/index.php?rest_route=%2Fwp%2Fv2%2Fcomments&post=110529"}],"version-history":[{"count":0,"href":"https:\/\/theworldwidejournal.com\/index.php?rest_route=\/wp\/v2\/posts\/110529\/revisions"}],"wp:attachment":[{"href":"https:\/\/theworldwidejournal.com\/index.php?rest_route=%2Fwp%2Fv2%2Fmedia&parent=110529"}],"wp:term":[{"taxonomy":"category","embeddable":true,"href":"https:\/\/theworldwidejournal.com\/index.php?rest_route=%2Fwp%2Fv2%2Fcategories&post=110529"},{"taxonomy":"post_tag","embeddable":true,"href":"https:\/\/theworldwidejournal.com\/index.php?rest_route=%2Fwp%2Fv2%2Ftags&post=110529"}],"curies":[{"name":"wp","href":"https:\/\/api.w.org\/{rel}","templated":true}]}}