{"id":110540,"date":"2019-09-16T14:22:17","date_gmt":"2019-09-16T12:22:17","guid":{"rendered":"https:\/\/theworldwidejournal.com\/2019\/09\/16\/photos-de-jeune-classe-du-rassemblement-national\/"},"modified":"2019-09-16T14:22:17","modified_gmt":"2019-09-16T12:22:17","slug":"photos-de-jeune-classe-du-rassemblement-national","status":"publish","type":"post","link":"https:\/\/theworldwidejournal.com\/?p=110540","title":{"rendered":"Photos de (jeune) classe du Rassemblement national"},"content":{"rendered":"<p>Dans le cadre de la rentr\u00e9e politique de Marine Le Pen, Denis Allard, envoy\u00e9 sp\u00e9cial pour \u00abLib\u00e9ration\u00bb, a photographi\u00e9 des jeunes du mouvement G\u00e9n\u00e9ration nation lors une cession sportive sur la plage de Fr\u00e9jus, mentionn\u00e9e au programme du week-end. L&#8217;\u00e9v\u00e9nement ouvert \u00e0 la presse se r\u00e9v\u00e8le \u00eatre une pure s\u00e9ance de communication interne avec deux photographes du RN mettant en sc\u00e8ne des s\u00e9quences destin\u00e9es \u00e0 circuler sur les r\u00e9seaux sociaux.<br \/>\nVia: <a href=\"https:\/\/www.liberation.fr\/photographie\/2019\/09\/16\/photos-de-jeune-classe-du-rassemblement-national_1751518?xtor=rss-450\" target=\"_blank\">Photos de (jeune) classe du Rassemblement national<\/a><\/p>\n","protected":false},"excerpt":{"rendered":"<p>Dans le cadre de la rentr\u00e9e politique de Marine Le Pen, Denis Allard, envoy\u00e9 sp\u00e9cial pour \u00abLib\u00e9ration\u00bb, a photographi\u00e9 des jeunes du mouvement G\u00e9n\u00e9ration nation lors une cession sportive sur la plage de Fr\u00e9jus, mentionn\u00e9e au programme du week-end. L&#8217;\u00e9v\u00e9nement ouvert \u00e0 la presse se r\u00e9v\u00e8le \u00eatre une pure s\u00e9ance [&hellip;]<\/p>\n","protected":false},"author":2,"featured_media":0,"comment_status":"open","ping_status":"closed","sticky":false,"template":"","format":"standard","meta":{"footnotes":""},"categories":[4],"tags":[],"class_list":["post-110540","post","type-post","status-publish","format-standard","hentry","category-french"],"_links":{"self":[{"href":"https:\/\/theworldwidejournal.com\/index.php?rest_route=\/wp\/v2\/posts\/110540","targetHints":{"allow":["GET"]}}],"collection":[{"href":"https:\/\/theworldwidejournal.com\/index.php?rest_route=\/wp\/v2\/posts"}],"about":[{"href":"https:\/\/theworldwidejournal.com\/index.php?rest_route=\/wp\/v2\/types\/post"}],"author":[{"embeddable":true,"href":"https:\/\/theworldwidejournal.com\/index.php?rest_route=\/wp\/v2\/users\/2"}],"replies":[{"embeddable":true,"href":"https:\/\/theworldwidejournal.com\/index.php?rest_route=%2Fwp%2Fv2%2Fcomments&post=110540"}],"version-history":[{"count":0,"href":"https:\/\/theworldwidejournal.com\/index.php?rest_route=\/wp\/v2\/posts\/110540\/revisions"}],"wp:attachment":[{"href":"https:\/\/theworldwidejournal.com\/index.php?rest_route=%2Fwp%2Fv2%2Fmedia&parent=110540"}],"wp:term":[{"taxonomy":"category","embeddable":true,"href":"https:\/\/theworldwidejournal.com\/index.php?rest_route=%2Fwp%2Fv2%2Fcategories&post=110540"},{"taxonomy":"post_tag","embeddable":true,"href":"https:\/\/theworldwidejournal.com\/index.php?rest_route=%2Fwp%2Fv2%2Ftags&post=110540"}],"curies":[{"name":"wp","href":"https:\/\/api.w.org\/{rel}","templated":true}]}}