{"id":110582,"date":"2019-09-16T11:54:27","date_gmt":"2019-09-16T09:54:27","guid":{"rendered":"https:\/\/theworldwidejournal.com\/2019\/09\/16\/el-mapa-de-las-localidades-mas-afectadas-por-la-dana\/"},"modified":"2019-09-16T11:54:27","modified_gmt":"2019-09-16T09:54:27","slug":"el-mapa-de-las-localidades-mas-afectadas-por-la-dana","status":"publish","type":"post","link":"https:\/\/theworldwidejournal.com\/?p=110582","title":{"rendered":"El mapa de las localidades m\u00e1s afectadas por la DANA"},"content":{"rendered":"<p>La DANA (Depresi\u00f3n Aislada de Niveles Altos) que afecta a Espa\u00f1a desde el pasado jueves ha provocado seis muertes y una desaparici\u00f3n. Los equipos del Grupo Especial de Actividades Subacu\u00e1ticas de la Guardia Civil de Alicante y Madrid contin\u00faan con las tareas de b\u00fasqueda de un holand\u00e9s de 66 a\u00f1os, que fue arrastrado por la corriente en la localidad de Dolores (Alicante). Dos de las personas que perdieron la vida por la gota fr\u00eda lo hicieron en la provincia de Alicante, una de Redov\u00e1n y otra de Orihuela. En Caudete (Albacete) tambi\u00e9n fueron dos personas las que murieron ahogadas. eran dos hermanos (Rafa y Fina) que fallecieron en el interior de su veh\u00edculo tras ser atrapados por el agua. Las intensas lluvias dejaron tambi\u00e9n dos fallecidos en Granada: uno hallado muerto en una rambla de Baza y otro en Almer\u00eda al quedarse atrapado en un t\u00fanel inundado. No obstante, los da\u00f1os materiales tambi\u00e9n quedar\u00e1n en el recuerdo de todos los espa\u00f1oles. Las administraciones comienzan a hacer balance de los destrozos causados por la DANA este lunes y ya son muchas las regiones que piden que se declare \u00abzona catastr\u00f3fica\u00bb. C\u00e1lculos iniciales La Asamblea Regional de Murcia celebrar\u00e1 este lunes un pleno extraordinario en el que los cinco grupos parlamentarios solicitar\u00e1n al Gobierno de Espa\u00f1a la declaraci\u00f3n de Zona Catastr\u00f3fica para la comunidad, tras los estragos originados por la gota fr\u00eda. Fernando L\u00f3pez Miras, presidente de la regi\u00f3n ha ofrecido un c\u00e1lculo inicial de 25 millones de euros en da\u00f1os en carreteras, \u00abpero es un c\u00e1lculo muy prematuro\u00bb. El presidente del Ejecutivo nacional, Pedro S\u00e1nchez, que visit\u00f3 este s\u00e1bado la Regi\u00f3n, dijo que es \u00abfactible\u00bb que el Gobierno central declare las \u00e1reas afectadas como zona catastr\u00f3fica, pero ha pedido esperar a que baje la l\u00e1mina de agua para evaluar completamente los da\u00f1os. Los ayuntamientos murcianos de Torre Pacheco, Molina de Segura, Cieza, Los Alc\u00e1zares y Archena se sumar\u00e1n a la iniciativa de la regi\u00f3n para solicitar al Gobierno de la Naci\u00f3n la declaraci\u00f3n de Zona Catastr\u00f3fica. El presidente de la Confederaci\u00f3n Hidrogr\u00e1fica del Segura (CHS), Mario Urrea, advirti\u00f3 de que inundaciones como las causadas por la DANA con incontrolables y que en encauzamiento de las ramblas, que minimizar\u00eda los da\u00f1os, supondr\u00e1 una inversi\u00f3n de m\u00e1s de 50 millones de euros. Un \u00abPlan Marshall\u00bb para Valencia En Valencia, el presidente de la Generalitat, Ximo Puig, ha reclamado este s\u00e1bado un \u00abPlan Marshall\u00bb de ayudas para la comarca de la Vega Baja del Segura (Alicante) con el que responder de forma contundente a las consecuencias econ\u00f3micas y sociales \u00abmuy graves\u00bb de la gota fr\u00eda. El ministro del Interior, Fernando Grande-Marlaska, calific\u00f3 de \u00abtragedia\u00bb los efectos del episodio de la gota fr\u00eda en el sureste peninsular y ha prometido ayudas \u00abpara que los afectados puedan pasar p\u00e1gina lo antes posible\u00bb. \u00abLo que he visto impresiona mucho, la verdad, y te das cuenta ahora que han pasado unas horas de que ha tenido que ser muy dif\u00edcil para mucha gente enfrentarse a esta situaci\u00f3n\u00bb, relat\u00f3. En Onteniente, medio centenar de vecinos tuvieron que ser desalojados tras el desbordamiento del r\u00edo Clariano. All\u00ed la DANA dej\u00f3 339 litros por metro cuadrado. En Beniarr\u00e9s se recogieron 452 litros por metro cuadrado y 425 en Orihuela. Diez millones de euros para Andaluc\u00eda En Andaluc\u00eda una de las zonas m\u00e1s afectadas se encuentra en Almer\u00eda. Rafael Hernando, senador del PP en la provincia, visit\u00f3 este domingo la localidad de N\u00edjar y Cabo de Gata. Tras comprobar los destrozos que ha dejado la gota fr\u00eda reiter\u00f3 que se declaren como zona catastr\u00f3fica las localidades m\u00e1s afectadas. Por su parte, el consejero de la Presidencia, Administraci\u00f3n P\u00fablica e Interior de Andaluc\u00eda, El\u00edas Bendodo, ha destacado que \u00aben algunos casos hay da\u00f1os en viviendas, gente que lo ha perdido todo porque se lo ha llevado la riada. Los seguros y los mecanismos ya est\u00e1n en marcha y las administraciones, en este caso la Junta de Andaluc\u00eda, tiene que coordinar lo que sea necesario y recuperar la normalidad lo antes posible\u00bb. Juanma Moreno ha anunciado que el Consejo de Gobierno andaluz de este martes aprobar\u00e1 el primer paquete de ayudas \u00abde auxilio\u00bb para los municipios afectados, que superar\u00e1n los diez millones de euros y que se repartir\u00e1n directamente a los ayuntamientos para que estos las utilicen en lo que consideren m\u00e1s prioritario para devolver la normalidad a sus municipios. Arganda del Rey no se recupera Madrid ha sido la \u00faltima comunidad que se ha visto afectada por la DANA. El alcalde de Arganda del Rey , Guillermo Hita, ha solicitado al Gobierno que declare zona catastr\u00f3fica la localidad tras las nuevas riadas que anegaron ayer de nuevo el municipio, que todav\u00eda se recuperaba de las inundaciones del pasado 26 de agosto. En una intervenci\u00f3n en Telemadrid Hita ha explicado que Arganda es un pueblo centenario construido en un barranco, insistiendo en que \u00abcon m\u00e1s raz\u00f3n\u00bb ahora se necesitan las ayudas del Gobierno. \u00abNo hay posibilidad de hacer m\u00e1s construcciones. Habr\u00e1 que hacer obras para que esto no vuelva a pasar\u00bb, ha destacado el alcalde socialista.<br \/>\nVia: <a href=\"https:\/\/www.abc.es\/sociedad\/abci-mapa-localidades-mas-afectadas-dana-201909161154_noticia.html\" target=\"_blank\">El mapa de las localidades m\u00e1s afectadas por la DANA<\/a><\/p>\n","protected":false},"excerpt":{"rendered":"<p>La DANA (Depresi\u00f3n Aislada de Niveles Altos) que afecta a Espa\u00f1a desde el pasado jueves ha provocado seis muertes y una desaparici\u00f3n. Los equipos del Grupo Especial de Actividades Subacu\u00e1ticas de la Guardia Civil de Alicante y Madrid contin\u00faan con las tareas de b\u00fasqueda de un holand\u00e9s de 66 a\u00f1os, [&hellip;]<\/p>\n","protected":false},"author":2,"featured_media":110583,"comment_status":"open","ping_status":"closed","sticky":false,"template":"","format":"standard","meta":{"footnotes":""},"categories":[6],"tags":[],"class_list":["post-110582","post","type-post","status-publish","format-standard","has-post-thumbnail","hentry","category-spanish"],"_links":{"self":[{"href":"https:\/\/theworldwidejournal.com\/index.php?rest_route=\/wp\/v2\/posts\/110582","targetHints":{"allow":["GET"]}}],"collection":[{"href":"https:\/\/theworldwidejournal.com\/index.php?rest_route=\/wp\/v2\/posts"}],"about":[{"href":"https:\/\/theworldwidejournal.com\/index.php?rest_route=\/wp\/v2\/types\/post"}],"author":[{"embeddable":true,"href":"https:\/\/theworldwidejournal.com\/index.php?rest_route=\/wp\/v2\/users\/2"}],"replies":[{"embeddable":true,"href":"https:\/\/theworldwidejournal.com\/index.php?rest_route=%2Fwp%2Fv2%2Fcomments&post=110582"}],"version-history":[{"count":0,"href":"https:\/\/theworldwidejournal.com\/index.php?rest_route=\/wp\/v2\/posts\/110582\/revisions"}],"wp:featuredmedia":[{"embeddable":true,"href":"https:\/\/theworldwidejournal.com\/index.php?rest_route=\/wp\/v2\/media\/110583"}],"wp:attachment":[{"href":"https:\/\/theworldwidejournal.com\/index.php?rest_route=%2Fwp%2Fv2%2Fmedia&parent=110582"}],"wp:term":[{"taxonomy":"category","embeddable":true,"href":"https:\/\/theworldwidejournal.com\/index.php?rest_route=%2Fwp%2Fv2%2Fcategories&post=110582"},{"taxonomy":"post_tag","embeddable":true,"href":"https:\/\/theworldwidejournal.com\/index.php?rest_route=%2Fwp%2Fv2%2Ftags&post=110582"}],"curies":[{"name":"wp","href":"https:\/\/api.w.org\/{rel}","templated":true}]}}