{"id":110677,"date":"2019-09-17T15:46:40","date_gmt":"2019-09-17T13:46:40","guid":{"rendered":"https:\/\/theworldwidejournal.com\/2019\/09\/17\/apple-conteste-le-remboursement-de-13-milliards-deuros-a-lirlande-devant-la-justice-europeenne\/"},"modified":"2019-09-17T15:46:40","modified_gmt":"2019-09-17T13:46:40","slug":"apple-conteste-le-remboursement-de-13-milliards-deuros-a-lirlande-devant-la-justice-europeenne","status":"publish","type":"post","link":"https:\/\/theworldwidejournal.com\/?p=110677","title":{"rendered":"Apple conteste le remboursement de 13 milliards d\u2019euros \u00e0 l\u2019Irlande devant la justice europ\u00e9enne"},"content":{"rendered":"<p>Mardi et mercredi, le tribunal de l\u2019Union europ\u00e9enne devra statuer sur le recours introduit par Apple et l\u2019Irlande contre la d\u00e9cision de la Commission europ\u00e9enne, qui avait \u00aboblig\u00e9\u00bb le pays \u00e0 r\u00e9cup\u00e9rer les imp\u00f4ts non-pay\u00e9s par la firme.<br \/>\nVia: <a href=\"http:\/\/www.lefigaro.fr\/secteur\/high-tech\/apple-conteste-le-remboursement-de-13-milliards-d-euros-a-l-irlande-devant-la-justice-europeenne-20190917\" target=\"_blank\">Apple conteste le remboursement de 13 milliards d\u2019euros \u00e0 l\u2019Irlande devant la justice europ\u00e9enne<\/a><\/p>\n","protected":false},"excerpt":{"rendered":"<p>Mardi et mercredi, le tribunal de l\u2019Union europ\u00e9enne devra statuer sur le recours introduit par Apple et l\u2019Irlande contre la d\u00e9cision de la Commission europ\u00e9enne, qui avait \u00aboblig\u00e9\u00bb le pays \u00e0 r\u00e9cup\u00e9rer les imp\u00f4ts non-pay\u00e9s par la firme. Via: Apple conteste le remboursement de 13 milliards d\u2019euros \u00e0 l\u2019Irlande devant [&hellip;]<\/p>\n","protected":false},"author":2,"featured_media":0,"comment_status":"open","ping_status":"closed","sticky":false,"template":"","format":"standard","meta":{"footnotes":""},"categories":[4],"tags":[],"class_list":["post-110677","post","type-post","status-publish","format-standard","hentry","category-french"],"_links":{"self":[{"href":"https:\/\/theworldwidejournal.com\/index.php?rest_route=\/wp\/v2\/posts\/110677","targetHints":{"allow":["GET"]}}],"collection":[{"href":"https:\/\/theworldwidejournal.com\/index.php?rest_route=\/wp\/v2\/posts"}],"about":[{"href":"https:\/\/theworldwidejournal.com\/index.php?rest_route=\/wp\/v2\/types\/post"}],"author":[{"embeddable":true,"href":"https:\/\/theworldwidejournal.com\/index.php?rest_route=\/wp\/v2\/users\/2"}],"replies":[{"embeddable":true,"href":"https:\/\/theworldwidejournal.com\/index.php?rest_route=%2Fwp%2Fv2%2Fcomments&post=110677"}],"version-history":[{"count":0,"href":"https:\/\/theworldwidejournal.com\/index.php?rest_route=\/wp\/v2\/posts\/110677\/revisions"}],"wp:attachment":[{"href":"https:\/\/theworldwidejournal.com\/index.php?rest_route=%2Fwp%2Fv2%2Fmedia&parent=110677"}],"wp:term":[{"taxonomy":"category","embeddable":true,"href":"https:\/\/theworldwidejournal.com\/index.php?rest_route=%2Fwp%2Fv2%2Fcategories&post=110677"},{"taxonomy":"post_tag","embeddable":true,"href":"https:\/\/theworldwidejournal.com\/index.php?rest_route=%2Fwp%2Fv2%2Ftags&post=110677"}],"curies":[{"name":"wp","href":"https:\/\/api.w.org\/{rel}","templated":true}]}}