{"id":110714,"date":"2019-09-17T15:56:42","date_gmt":"2019-09-17T13:56:42","guid":{"rendered":"https:\/\/theworldwidejournal.com\/2019\/09\/17\/espana-casi-duplica-los-alumnos-de-fp-en-10-anos-pero-sigue-por-debajo-de-la-media-de-la-ocde\/"},"modified":"2019-09-17T15:56:42","modified_gmt":"2019-09-17T13:56:42","slug":"espana-casi-duplica-los-alumnos-de-fp-en-10-anos-pero-sigue-por-debajo-de-la-media-de-la-ocde","status":"publish","type":"post","link":"https:\/\/theworldwidejournal.com\/?p=110714","title":{"rendered":"Espa\u00f1a casi duplica los alumnos de FP en 10 a\u00f1os, pero sigue por debajo de la media de la OCDE"},"content":{"rendered":"<p>La tendencia al alza en las matr\u00edculas en Formaci\u00f3n Profesional se confirma. Este curso 2019-2020 las aulas de FP tendr\u00e1n 23.000 alumnos m\u00e1s, ser\u00e1n un total de 861.906, seg\u00fan el informe Datos y Cifras publicado hoy por el Ministerio de Educaci\u00f3n. En la \u00faltima d\u00e9cada, los estudiantes que se han decantado por esta rama han crecido un 77% (en 2008 eran 486.000), pero Espa\u00f1a sigue por debajo de la media de los pa\u00edses de la OCDE y tiene una de las peores tasas de escolarizaci\u00f3n en FP de grado medio: el 12% frente al 26% de media de los pa\u00edses de la organizaci\u00f3n.\u00a0Seguir leyendo.<br \/>\nVia: <a href=\"https:\/\/elpais.com\/sociedad\/2019\/09\/17\/actualidad\/1568714695_033491.html#?ref=rss&#038;format=simple&#038;link=link\" target=\"_blank\">Espa\u00f1a casi duplica los alumnos de FP en 10 a\u00f1os, pero sigue por debajo de la media de la OCDE<\/a><\/p>\n","protected":false},"excerpt":{"rendered":"<p>La tendencia al alza en las matr\u00edculas en Formaci\u00f3n Profesional se confirma. Este curso 2019-2020 las aulas de FP tendr\u00e1n 23.000 alumnos m\u00e1s, ser\u00e1n un total de 861.906, seg\u00fan el informe Datos y Cifras publicado hoy por el Ministerio de Educaci\u00f3n. En la \u00faltima d\u00e9cada, los estudiantes que se han [&hellip;]<\/p>\n","protected":false},"author":2,"featured_media":0,"comment_status":"open","ping_status":"closed","sticky":false,"template":"","format":"standard","meta":{"footnotes":""},"categories":[6],"tags":[],"class_list":["post-110714","post","type-post","status-publish","format-standard","hentry","category-spanish"],"_links":{"self":[{"href":"https:\/\/theworldwidejournal.com\/index.php?rest_route=\/wp\/v2\/posts\/110714","targetHints":{"allow":["GET"]}}],"collection":[{"href":"https:\/\/theworldwidejournal.com\/index.php?rest_route=\/wp\/v2\/posts"}],"about":[{"href":"https:\/\/theworldwidejournal.com\/index.php?rest_route=\/wp\/v2\/types\/post"}],"author":[{"embeddable":true,"href":"https:\/\/theworldwidejournal.com\/index.php?rest_route=\/wp\/v2\/users\/2"}],"replies":[{"embeddable":true,"href":"https:\/\/theworldwidejournal.com\/index.php?rest_route=%2Fwp%2Fv2%2Fcomments&post=110714"}],"version-history":[{"count":0,"href":"https:\/\/theworldwidejournal.com\/index.php?rest_route=\/wp\/v2\/posts\/110714\/revisions"}],"wp:attachment":[{"href":"https:\/\/theworldwidejournal.com\/index.php?rest_route=%2Fwp%2Fv2%2Fmedia&parent=110714"}],"wp:term":[{"taxonomy":"category","embeddable":true,"href":"https:\/\/theworldwidejournal.com\/index.php?rest_route=%2Fwp%2Fv2%2Fcategories&post=110714"},{"taxonomy":"post_tag","embeddable":true,"href":"https:\/\/theworldwidejournal.com\/index.php?rest_route=%2Fwp%2Fv2%2Ftags&post=110714"}],"curies":[{"name":"wp","href":"https:\/\/api.w.org\/{rel}","templated":true}]}}