{"id":11074,"date":"2017-10-15T19:30:08","date_gmt":"2017-10-15T17:30:08","guid":{"rendered":"https:\/\/theworldwidejournal.com\/2017\/10\/15\/los-conservadores-ganan-y-abren-la-puerta-a-un-pacto-con-la-ultraderecha\/"},"modified":"2017-10-15T19:30:08","modified_gmt":"2017-10-15T17:30:08","slug":"los-conservadores-ganan-y-abren-la-puerta-a-un-pacto-con-la-ultraderecha","status":"publish","type":"post","link":"https:\/\/theworldwidejournal.com\/?p=11074","title":{"rendered":"Los conservadores ganan y abren la puerta a un pacto con la ultraderecha"},"content":{"rendered":"<p>El Partido Popular Austriaco (\u00d6VP) gan\u00f3 este domingo las elecciones legislativas con su brillante y joven candidato, el hasta ahora ministro de Asuntos Exteriores, Sebasti\u00e1n Kurz. Con el 31,6 por ciento de los votos, seg\u00fan resultados provisionales, ha sacado cinco puntos a los dos otros dos grandes partidos, el Partido Socialdem\u00f3crata SP\u00d6 y el derechista FP\u00d6, que estaban pr\u00e1cticamente empatados con un 26,5 por ciento y una leve ventaja para el primero. La participaci\u00f3n fue del 70 por ciento, cuatro puntos m\u00e1s que en las elecciones de 2013. Con 800.000 votos por correo a\u00fan sin contabilizar pueden darse considerables modificaciones especialmente en el puesto segundo y tercero. Tambi\u00e9n en los dos peque\u00f1os partidos que han logrado superar el 4% para entrar en el Parlamento que son NEOS y la Lista Pilz. Esta es una escisi\u00f3n de los Verdes que estos han pagado amargamente al perder casi 9 puntos y no lograr entrar en el parlamento (Nationalrat). Sebastian Kurz, que a sus 31 a\u00f1os logr\u00f3 neutralizar a todos los poderosos barones del \u00d6VP y convirti\u00f3 el partido en una especie de agencia de apoyo a la lista personal que se ha presentado a las elecciones como \u00abLista Kurz-el Nuevo OVP\u00bb. Como tal ha cosechado un resultado que nadie en sus partido pod\u00eda so\u00f1ar hace tan solo unos meses. \u00abUn resultado hist\u00f3rico\u00bb, dijo este domingo Kurz, que agradeci\u00f3 la confianza y no quiso adelantar planes. \u00abPrimero esperar a los datos definitivos. Se hablar\u00e1 con todo el mundo\u00bb. En un d\u00eda radiante de un oto\u00f1o poco com\u00fan, los austriacos se movilizaron para unas elecciones con alicientes especiales y muy especialmente la irrupci\u00f3n del joven Sebastian Kurz como favorito. En todos los estados federados aument\u00f3 la participaci\u00f3n y en todos se not\u00f3 el inmenso tir\u00f3n del vencedor, aunque en algunos no lograra vencer a la tradici\u00f3n y as\u00ed, en Burgenland, ganaban como siempre los socialistas, y en Carintia los derechistas del FP\u00d6. Kurz tiene ahora manos libres y mucho margen. Y no debe temer condicionamientos de su propio partido. Cuando asumi\u00f3 las riendas del \u00d6VP hace menos de un a\u00f1o, este quedaba en las encuestas siempre tercero, tras la extrema derecha de FP\u00d6, que lideraba ampliamente, y los socialdem\u00f3cratas. La gran coalici\u00f3n entre \u00d6VP y SP\u00d6 que estaba ya en su tercera legislatura cuando fue interrumpida para convocar estas elecciones hab\u00eda generado una creciente instatisfacci\u00f3n y par\u00e1lisis en Austria. Y solo hab\u00eda beneficiado al derechista FP\u00d6 que, sin embargo, dif\u00edcilmente pod\u00eda encabezar una alternativa acosado y acusado por la izquierda austriaca y europea de ultraderechismo. El l\u00edder del FP\u00d6, que se ha quejado ir\u00f3nicamente en campa\u00f1a -no sin raz\u00f3n- de que el candidato Kurz le plagiaba los lemas y mensajes sobre inmigraci\u00f3n y seguridad, ha dejado claro que est\u00e1 muy dispuesto a dejarse cortejar y a entrar por fin en el gobierno. Todos esperan que esto suceda sin pol\u00e9micas y por supuesto sin amenazas de sanciones de la UE como las habidas cuando su partido entr\u00f3 en el Gobierno de Wolfgang Sch\u00fcssel en el a\u00f1o 2000. El l\u00edder de los socialistas por su parte, el canciller saliente Christian Kern, ya ha dicho que su partido ser\u00e1 una firme oposici\u00f3n al populismo de derechas y que har\u00e1 frente al fuerte corrimiento hacia la derecha que se ha producido en el voto austriaco. Las elecciones ya han tenido la virtud de dinamitar el anquilosamiento de las estructuras pol\u00edticas. Con este resultado, Sebastian Kurz recibir\u00e1 el encargo del presidente de la Rep\u00fablica, Alexander van der Bellen, y podr\u00e1 negociar tanto con los derechistas del FP\u00d6 como con los socialistas de la SP\u00d6. Ayer en la sede del Partido Popular qued\u00f3 clara la preferencia de su militancia de hacer una alianza de derechas. Al escucharse el resultado del partido nacional- liberal FP\u00d6 en ese momento por encima de los socialistas, los populares prorrumpieron en v\u00edtores y aplausos. Con este resultado con el que \u00d6VP y FP\u00d6 sumar\u00edan el 57 o 58% tendr\u00edan una muy s\u00f3lida mayor\u00eda para gobernar. Aunque lejos de los dos tercios que algunos so\u00f1aban para poder desmantelar la labor legislativa general de seis d\u00e9cadas de hegemon\u00eda de izquierdas en la Rep\u00fablica. Dif\u00edcil, pero no imposible Pero adem\u00e1s se abren otras alternativas. El propio partido socialista SP\u00d6 que hace poco m\u00e1s de un a\u00f1o lanz\u00f3 una brutal campa\u00f1a pol\u00edtica de descr\u00e9dito contra el FP\u00d6 y su candidato a la presidencia, Norbert Hofer, ya ha dejado abierta la puerta para la posibilidad de un gobierno con el FP\u00d6 en caso de que Kurz no fuera capaz de formarlo. Eso solo ser\u00eda posible si el SPD queda, como parec\u00eda ayer, por delante del FP\u00d6. No obstante la mayor\u00eda de las bases socialistas, aliviadas porque el castigo no ha sido tan grave como algunos pensaban, no quieren o\u00edr hablar de alianzas con el derechismo pero tampoco con los conservadores y demandan un inmediato paso a la oposici\u00f3n para renovarse. Peter Kaiser, el presidente del SP\u00d6 en Carintia, hablaba ayer de \u00abla hora m\u00e1s amarga de la socialdemocracia\u00bb. El partido socialista austriaco, uno de los m\u00e1s importantes de Europa desde la Primera Rep\u00fablica, tras la Primera Guerra Mundial, ha sido el partido que m\u00e1s tiempo ha gobernado en la Segunda Rep\u00fablica, desde 1945. El que ha tenido mayor\u00edas absolutas y ha marcado el cariz ideol\u00f3gico y la estructura institucional y legal como ning\u00fan otro. Muchos observadores consideran que el fuerte desplazamiento a la derecha del voto en Austria es un fen\u00f3meno que deja adivinar otros procesos parecidos y podr\u00eda suponer en m\u00e1s pa\u00edses europeos ese principio del fin de la hegemon\u00eda pol\u00edtica y cultural de la socialdemocracia. El \u00d6VP, el Partido Popular siempre muy marcado por cuestiones sociales y cristianas, ha asumido gran parte de los postulados de la ultraderecha del FP\u00d6 en asuntos como inmigraci\u00f3n, en asuntos de seguridad interior, orden p\u00fablico y tambi\u00e9n econom\u00eda y servicios sociales. Alej\u00e1ndose as\u00ed de unos postulados socialdem\u00f3cratas que ha compartidos durante d\u00e9cadas con el SP\u00d6. Habr\u00e1 que ver, si se produce el gobierno de la alianza de derechas, en qu\u00e9 medida est\u00e1&hellip;<br \/>\nVia: <a href=\"http:\/\/www.abc.es\/internacional\/abci-primeras-proyecciones-senalan-como-ganador-elecciones-austriacas-201710151730_noticia.html\" target=\"_blank\">Los conservadores ganan y abren la puerta a un pacto con la ultraderecha<\/a><\/p>\n","protected":false},"excerpt":{"rendered":"<p>El Partido Popular Austriaco (\u00d6VP) gan\u00f3 este domingo las elecciones legislativas con su brillante y joven candidato, el hasta ahora ministro de Asuntos Exteriores, Sebasti\u00e1n Kurz. Con el 31,6 por ciento de los votos, seg\u00fan resultados provisionales, ha sacado cinco puntos a los dos otros dos grandes partidos, el Partido [&hellip;]<\/p>\n","protected":false},"author":2,"featured_media":11075,"comment_status":"open","ping_status":"closed","sticky":false,"template":"","format":"standard","meta":{"footnotes":""},"categories":[6],"tags":[],"class_list":["post-11074","post","type-post","status-publish","format-standard","has-post-thumbnail","hentry","category-spanish"],"_links":{"self":[{"href":"https:\/\/theworldwidejournal.com\/index.php?rest_route=\/wp\/v2\/posts\/11074","targetHints":{"allow":["GET"]}}],"collection":[{"href":"https:\/\/theworldwidejournal.com\/index.php?rest_route=\/wp\/v2\/posts"}],"about":[{"href":"https:\/\/theworldwidejournal.com\/index.php?rest_route=\/wp\/v2\/types\/post"}],"author":[{"embeddable":true,"href":"https:\/\/theworldwidejournal.com\/index.php?rest_route=\/wp\/v2\/users\/2"}],"replies":[{"embeddable":true,"href":"https:\/\/theworldwidejournal.com\/index.php?rest_route=%2Fwp%2Fv2%2Fcomments&post=11074"}],"version-history":[{"count":0,"href":"https:\/\/theworldwidejournal.com\/index.php?rest_route=\/wp\/v2\/posts\/11074\/revisions"}],"wp:featuredmedia":[{"embeddable":true,"href":"https:\/\/theworldwidejournal.com\/index.php?rest_route=\/wp\/v2\/media\/11075"}],"wp:attachment":[{"href":"https:\/\/theworldwidejournal.com\/index.php?rest_route=%2Fwp%2Fv2%2Fmedia&parent=11074"}],"wp:term":[{"taxonomy":"category","embeddable":true,"href":"https:\/\/theworldwidejournal.com\/index.php?rest_route=%2Fwp%2Fv2%2Fcategories&post=11074"},{"taxonomy":"post_tag","embeddable":true,"href":"https:\/\/theworldwidejournal.com\/index.php?rest_route=%2Fwp%2Fv2%2Ftags&post=11074"}],"curies":[{"name":"wp","href":"https:\/\/api.w.org\/{rel}","templated":true}]}}