{"id":110794,"date":"2019-09-17T21:29:24","date_gmt":"2019-09-17T19:29:24","guid":{"rendered":"https:\/\/theworldwidejournal.com\/2019\/09\/17\/sanchez-comienza-la-campana-desde-la-moncloa-con-su-relato-de-ataques-a-iglesias-rivera-y-casado\/"},"modified":"2019-09-17T21:29:24","modified_gmt":"2019-09-17T19:29:24","slug":"sanchez-comienza-la-campana-desde-la-moncloa-con-su-relato-de-ataques-a-iglesias-rivera-y-casado","status":"publish","type":"post","link":"https:\/\/theworldwidejournal.com\/?p=110794","title":{"rendered":"S\u00e1nchez comienza la campa\u00f1a desde La Moncloa con su relato de ataques a Iglesias, Rivera y Casado"},"content":{"rendered":"<p>Con calculado inter\u00e9s para entrar en directo en los telediarios para exponer su relato de los acontecimientos, Pedro S\u00e1nchez ha comparecido en La Moncloa tras no lograr sumar m\u00e1s de un voto aparte de los del PSOE desde las elecciones generales del mes de abril: \u00abEl pa\u00eds se ve abocado a una repetici\u00f3n electoral el pr\u00f3ximo 10 de noviembre\u00bb, ha dicho el presidente en funciones cerrando el paso a las especulaciones que ve\u00edan todav\u00eda tiempo para negociaciones. El presidente del Gobierno en funciones ha comparecido en La Moncloa tras haber cerrado la ronda de consultas con el Rey esta misma tarde. Lo ha hecho despu\u00e9s de que se publicase el comunicado de Zarzuela con el que se abre el camino hacia el 10 de noviembre al no proponer a ning\u00fan candidato para la investidura. Y ha sido el arranque oficial de su campa\u00f1a electoral. Con el \u00faltimo movimiento de Ciudadanos, S\u00e1nchez ten\u00eda dos posibles acuerdos, a izquierda y derecha, para lograr su investidura. Pero el l\u00edder socialista no ha querido entrar a las demandas de aquellos a quienes demandaba que le facilitaran la investidura. Su argumento es que requer\u00eda \u00abun Gobierno estable, coherente\u00bb, ese ser\u00e1 otro de los ejes de campa\u00f1a. \u00abEn esta ocasi\u00f3n ha sido imposible cumplir con el mandato electoral. Lo he intentado por todos los medios pero nos lo han hecho imposible\u00bb, ha dicho un S\u00e1nchez que ya en julio dijo que \u00abno habr\u00eda septiembre\u00bb. En todo momento ha dicho que Iglesias, Casado y Rivera no han asumido su resultado electoral. \u00abUnidas Podemos es la formaci\u00f3n que ha malogrado de nuevo que exista un Gobierno progresista\u00bb, ha dicho un S\u00e1nchez que ha centrado en el l\u00edder de Podemos sus ataques. Considera que es el que \u00absingularmente\u00bb m\u00e1s se va a tener que explicar. Tambi\u00e9n ha criticado al PP por no asumir el resultado electoral y que ahora tiene 66 diputados. Y tambi\u00e9n a Ciudadanos que \u00abnada tiene que ver con el centro ni con los liberales de Europa\u00bb. S\u00e1nchez ha acusado a ambos de \u00abdesentenderse de la gobernabilidad\u00bb. No ha dejado de insistir en que Espa\u00f1a \u00abnecesita un Gobierno estable, no dos Gobiernos en uno\u00bb, en referencia a las exigencias de Podemos. La campa\u00f1a ha empezado y S\u00e1nchez la ha desplegado ya desde esta misma comparecencia: \u00abEl pr\u00f3ximo 10 de noviembre tenemos una oportunidad de decir las cosas mucho m\u00e1s claras\u00bb.<br \/>\nVia: <a href=\"https:\/\/www.abc.es\/espana\/abci-sanchez-comienza-campana-desde-moncloa-relato-ataques-iglesias-rivera-y-casado-201909172129_noticia.html\" target=\"_blank\">S\u00e1nchez comienza la campa\u00f1a desde La Moncloa con su relato de ataques a Iglesias, Rivera y Casado<\/a><\/p>\n","protected":false},"excerpt":{"rendered":"<p>Con calculado inter\u00e9s para entrar en directo en los telediarios para exponer su relato de los acontecimientos, Pedro S\u00e1nchez ha comparecido en La Moncloa tras no lograr sumar m\u00e1s de un voto aparte de los del PSOE desde las elecciones generales del mes de abril: \u00abEl pa\u00eds se ve abocado [&hellip;]<\/p>\n","protected":false},"author":2,"featured_media":110795,"comment_status":"open","ping_status":"closed","sticky":false,"template":"","format":"standard","meta":{"footnotes":""},"categories":[6],"tags":[],"class_list":["post-110794","post","type-post","status-publish","format-standard","has-post-thumbnail","hentry","category-spanish"],"_links":{"self":[{"href":"https:\/\/theworldwidejournal.com\/index.php?rest_route=\/wp\/v2\/posts\/110794","targetHints":{"allow":["GET"]}}],"collection":[{"href":"https:\/\/theworldwidejournal.com\/index.php?rest_route=\/wp\/v2\/posts"}],"about":[{"href":"https:\/\/theworldwidejournal.com\/index.php?rest_route=\/wp\/v2\/types\/post"}],"author":[{"embeddable":true,"href":"https:\/\/theworldwidejournal.com\/index.php?rest_route=\/wp\/v2\/users\/2"}],"replies":[{"embeddable":true,"href":"https:\/\/theworldwidejournal.com\/index.php?rest_route=%2Fwp%2Fv2%2Fcomments&post=110794"}],"version-history":[{"count":0,"href":"https:\/\/theworldwidejournal.com\/index.php?rest_route=\/wp\/v2\/posts\/110794\/revisions"}],"wp:featuredmedia":[{"embeddable":true,"href":"https:\/\/theworldwidejournal.com\/index.php?rest_route=\/wp\/v2\/media\/110795"}],"wp:attachment":[{"href":"https:\/\/theworldwidejournal.com\/index.php?rest_route=%2Fwp%2Fv2%2Fmedia&parent=110794"}],"wp:term":[{"taxonomy":"category","embeddable":true,"href":"https:\/\/theworldwidejournal.com\/index.php?rest_route=%2Fwp%2Fv2%2Fcategories&post=110794"},{"taxonomy":"post_tag","embeddable":true,"href":"https:\/\/theworldwidejournal.com\/index.php?rest_route=%2Fwp%2Fv2%2Ftags&post=110794"}],"curies":[{"name":"wp","href":"https:\/\/api.w.org\/{rel}","templated":true}]}}