{"id":11134,"date":"2017-10-16T16:03:39","date_gmt":"2017-10-16T14:03:39","guid":{"rendered":"https:\/\/theworldwidejournal.com\/2017\/10\/16\/irak-lanza-la-operacion-militar-para-retomar-posiciones-kurdas-en-kirkuk\/"},"modified":"2017-10-16T16:03:39","modified_gmt":"2017-10-16T14:03:39","slug":"irak-lanza-la-operacion-militar-para-retomar-posiciones-kurdas-en-kirkuk","status":"publish","type":"post","link":"https:\/\/theworldwidejournal.com\/?p=11134","title":{"rendered":"Irak lanza la operaci\u00f3n militar para retomar posiciones kurdas en Kirkuk"},"content":{"rendered":"<p>Las fuerzas federales iraqu\u00edes han tomado el control de la sede del Gobierno provincial en la disputada regi\u00f3n de Kirkuk y han empezado a izar la bandera nacional sobre los edificios estatales este lunes, seg\u00fan han informado a Efe fuentes militares y de seguridad iraqu\u00edes. Horas antes, el Ej\u00e9rcito iraqu\u00ed ha tomado el control de varias posiciones al sur de la ciudad petrolera, que hasta ahora estaban en manos de las tropas kurdas, seg\u00fan un comunicado militar difundido por los medios iraqu\u00edes. Mientras, miles de civiles huyen de la ciudad.\u00a0Un alto cargo kurdo ha asegurado horas despu\u00e9s que han ca\u00eddo 10 milicianos Peshmerga en los combates nocturnos, informa France Presse. Supone un grave aumento de la tensi\u00f3n entre el Gobierno central de Irak y el de la regi\u00f3n aut\u00f3noma de Kurdist\u00e1n tras el refer\u00e9ndum de independencia\u00a0no autorizado por Bagdad\u00a0del mes pasado.Seguir leyendo.<br \/>\nVia: <a href=\"https:\/\/elpais.com\/internacional\/2017\/10\/16\/actualidad\/1508140386_494992.html#?ref=rss&#038;format=simple&#038;link=link\" target=\"_blank\">Irak lanza la operaci\u00f3n militar para retomar posiciones kurdas en Kirkuk<\/a><\/p>\n","protected":false},"excerpt":{"rendered":"<p>Las fuerzas federales iraqu\u00edes han tomado el control de la sede del Gobierno provincial en la disputada regi\u00f3n de Kirkuk y han empezado a izar la bandera nacional sobre los edificios estatales este lunes, seg\u00fan han informado a Efe fuentes militares y de seguridad iraqu\u00edes. Horas antes, el Ej\u00e9rcito iraqu\u00ed [&hellip;]<\/p>\n","protected":false},"author":2,"featured_media":0,"comment_status":"open","ping_status":"closed","sticky":false,"template":"","format":"standard","meta":{"footnotes":""},"categories":[6],"tags":[],"class_list":["post-11134","post","type-post","status-publish","format-standard","hentry","category-spanish"],"_links":{"self":[{"href":"https:\/\/theworldwidejournal.com\/index.php?rest_route=\/wp\/v2\/posts\/11134","targetHints":{"allow":["GET"]}}],"collection":[{"href":"https:\/\/theworldwidejournal.com\/index.php?rest_route=\/wp\/v2\/posts"}],"about":[{"href":"https:\/\/theworldwidejournal.com\/index.php?rest_route=\/wp\/v2\/types\/post"}],"author":[{"embeddable":true,"href":"https:\/\/theworldwidejournal.com\/index.php?rest_route=\/wp\/v2\/users\/2"}],"replies":[{"embeddable":true,"href":"https:\/\/theworldwidejournal.com\/index.php?rest_route=%2Fwp%2Fv2%2Fcomments&post=11134"}],"version-history":[{"count":0,"href":"https:\/\/theworldwidejournal.com\/index.php?rest_route=\/wp\/v2\/posts\/11134\/revisions"}],"wp:attachment":[{"href":"https:\/\/theworldwidejournal.com\/index.php?rest_route=%2Fwp%2Fv2%2Fmedia&parent=11134"}],"wp:term":[{"taxonomy":"category","embeddable":true,"href":"https:\/\/theworldwidejournal.com\/index.php?rest_route=%2Fwp%2Fv2%2Fcategories&post=11134"},{"taxonomy":"post_tag","embeddable":true,"href":"https:\/\/theworldwidejournal.com\/index.php?rest_route=%2Fwp%2Fv2%2Ftags&post=11134"}],"curies":[{"name":"wp","href":"https:\/\/api.w.org\/{rel}","templated":true}]}}