{"id":11138,"date":"2017-10-16T17:41:43","date_gmt":"2017-10-16T15:41:43","guid":{"rendered":"https:\/\/theworldwidejournal.com\/?p=11138"},"modified":"2017-10-16T17:41:43","modified_gmt":"2017-10-16T15:41:43","slug":"el-numero-dos-de-benjumea-dice-que-salio-de-abengoa-logrando-hitos-y-con-las-cuentas-en-positivo","status":"publish","type":"post","link":"https:\/\/theworldwidejournal.com\/?p=11138","title":{"rendered":"El n\u00famero dos de Benjumea dice que sali\u00f3 de Abengoa logrando \u00abhitos\u00bb y con las cuentas en positivo"},"content":{"rendered":"<p>El exconsejero delegado de Abengoa Antonio Manuel S\u00e1nchez Ortega ha explicado este lunes durante el juicio que se sigue contra la exc\u00fapula del grupo andaluz en la Audiencia Nacional que lo abandon\u00f3 en junio de 2015 por una decisi\u00f3n personal tras haberse jugado la salud habiendo conseguido &#8220;hitos importantes&#8221; y que lo hizo en un momento en que la compa\u00f1\u00eda estaba creciendo en ventas y en &#8220;absoluta normalidad&#8221;. As\u00ed se ha pronunciado el primero de los cinco acusados en este proceso penal en responder a las preguntas de las partes y del Ministerio P\u00fablico, que le acusa de delito de administraci\u00f3n desleal por el cobro de 4.484.000 millones de euros brutos tras su marcha de la empresa en 2015, a\u00f1o en que lleg\u00f3 a presentar preconcurso de acreedores debido a su endeudamiento. El que fuera n\u00famero dos del expresidente Felipe Benjumea (tambi\u00e9n acusado en el proceso) ha mostrado durante esta primera sesi\u00f3n de vista oral que, en relaci\u00f3n a su indemnizaci\u00f3n, no cobr\u00f3 los tres millones de euros acordados en su contrato con fecha de 23 de febrero de 2015 en calidad de bonificaci\u00f3n por permanencia y tampoco lo estipulado en el plan de prejubilaci\u00f3n. El investigado ha intentado desmontar la teor\u00eda del Ministerio P\u00fablico y las acusaciones particulares, que entienden que ces\u00f3 voluntariamente en mayo de 2015 como consejero delegado\u00bbTambi\u00e9n ha resaltado que, tras 25 a\u00f1os vinculado a la multinacional sevillana, decidi\u00f3 cesar como consejero delegado en abril de 2015 por problemas de salud y con la intenci\u00f3n de no pasar tanto tiempo fuera de Nueva York, su lugar de residencia. Adem\u00e1s ha apuntado a preguntas del fiscal Jos\u00e9 Perals, que lo hizo en un momento en que Abengoa crec\u00eda, de acuerdo con &#8220;los datos objetivos&#8221;. El investigado, para el que piden cuatro a\u00f1os y tres meses de c\u00e1rcel, ha intentado desmontar as\u00ed la teor\u00eda del Ministerio P\u00fablico y las acusaciones particulares que entienden que ces\u00f3 voluntariamente en mayo de 2015 como consejero delegado (cargo que ostent\u00f3 entre 2010 y 2015) y un mes despu\u00e9s firm\u00f3 otro contrato de &#8220;prestaci\u00f3n de servicios&#8221; para falsear su continuidad en la empresa, cumplir lo estipulado en las cl\u00e1usulas del contrato de los directivos y cobrar las cuant\u00edas correspondientes. En respuesta, S\u00e1nchez Ortega ha dicho que no abandon\u00f3 la multinacional por la mala situaci\u00f3n econ\u00f3mica que atravesaba ya que &#8220;la realidad&#8221; era que Abengoa contaba con &#8220;el respaldo financiero, de los mercados y de los clientes&#8221; y no hab\u00eda ning\u00fan dato que indicase lo contrario. Incluso ha dicho que la acci\u00f3n cotizaba a niveles m\u00e1ximos, y que el rango de endeudamiento en el a\u00f1o de su salida se hab\u00eda reducido un 25 por ciento en comparaci\u00f3n con el ejercicio anterior. &#8220;No ha habido absolutamente ni un solo dato que justifique que Abengoa dobl\u00f3 la deuda o que no hab\u00eda manifestado la que ten\u00eda; ni un solo dato objetivo&#8221;, ha dicho durante el interrogatorio en el que ha insistido adem\u00e1s que &#8220;no ha habido modificaci\u00f3n alguna&#8221; de los estados financieros tres a\u00f1os despu\u00e9s de los hechos que se juzgan y que prueba de su confianza en la buena marcha del grupo andaluz es que no lleg\u00f3 a vender &#8220;ni un solo bono y ni una sola acci\u00f3n habiendo sufrido una p\u00e9rdida patrimonial de seis millones de euros&#8221;. \u00abMala interpretaci\u00f3n\u00bb Respecto a la rebaja de la nota a Abengoa que hizo la agencia de calificaci\u00f3n Fitch en 2015, el que fuera n\u00famero dos de Benjumea ha explicado que se trat\u00f3 de una &#8220;mala interpretaci\u00f3n sobre un ratio que hizo un da\u00f1o tremendo&#8221; a la mayor empresa de energ\u00edas renovables de Espa\u00f1a. &#8220;Durante las semanas siguientes me jugu\u00e9 la salud defendiendo la compa\u00f1\u00eda por lo que hab\u00eda sido un da\u00f1o sufrido al calificar un ratio que era de uso de ellos&#8221;, ha dicho el acusado. En relaci\u00f3n con su papel en la compa\u00f1\u00eda, el exdirectivo ha explicado que en febrero de 2015 tuvo que firmar los nuevos contratos para la alta direcci\u00f3n con las mismas condiciones econ\u00f3micas que el anterior y una serie de cl\u00e1usulas adiciones que se plasmaban por primer vez por escrito, como eran la relativa a la confidencialidad, a la indemnizaci\u00f3n por cese anticipado, y a la que concretaba la existencia de una obligaci\u00f3n de no competencia postcontractual de dos a\u00f1os a partir del cese de funciones en Abengoa. El acusado firm\u00f3 el contrato, ha dicho, con el aval de la Comisi\u00f3n de Nombramientos y Retribuciones, que inform\u00f3 favorablemente al Consejo de Administraci\u00f3n. Los miembros de dicha comisi\u00f3n \u2013a excepci\u00f3n del exministro socialista Josep Borrell\u2013 son junto con Felipe Benjumea, los otros acusados del proceso. Esta misma comisi\u00f3n tambi\u00e9n inform\u00f3 favorablemente de los t\u00e9rminos acordados en su renuncia como consejero delegado que formul\u00f3 el 18 de mayo y de su nuevo contrato en calidad de prestaci\u00f3n de servicios. Este nuevo acuerdo se firm\u00f3, ha dicho, porque ten\u00eda que asesorar a su sucesor en la compa\u00f1\u00eda; papel que estuvo desempe\u00f1ando hasta el 30 de junio. Se trat\u00f3 de un periodo de tiempo que no ten\u00eda duraci\u00f3n estipulada y en el que, ha dicho, no ostent\u00f3 ninguna funci\u00f3n ejecutiva dentro de Abengoa. Tras esto, comenz\u00f3 a trabajar en una nueva empresa en Nueva York y no volvi\u00f3 a entrar &#8220;nunca m\u00e1s&#8221; en el consejo de la multinacional.<br \/>\nVia: <a href=\"http:\/\/www.abc.es\/economia\/abci-numero-benjumea-dice-salio-abengoa-habiendo-logrado-hitos-y-cuentas-positivo-201710161541_noticia.html\" target=\"_blank\">El n\u00famero dos de Benjumea dice que sali\u00f3 de Abengoa logrando \u00abhitos\u00bb y con las cuentas en positivo<\/a><\/p>\n","protected":false},"excerpt":{"rendered":"<p>El exconsejero delegado de Abengoa Antonio Manuel S\u00e1nchez Ortega ha explicado este lunes durante el juicio que se sigue contra la exc\u00fapula del grupo andaluz en la Audiencia Nacional que lo abandon\u00f3 en junio de 2015 por una decisi\u00f3n personal tras haberse jugado la salud habiendo conseguido &#8220;hitos importantes&#8221; y [&hellip;]<\/p>\n","protected":false},"author":2,"featured_media":11139,"comment_status":"open","ping_status":"closed","sticky":false,"template":"","format":"standard","meta":{"footnotes":""},"categories":[6],"tags":[],"class_list":["post-11138","post","type-post","status-publish","format-standard","has-post-thumbnail","hentry","category-spanish"],"_links":{"self":[{"href":"https:\/\/theworldwidejournal.com\/index.php?rest_route=\/wp\/v2\/posts\/11138","targetHints":{"allow":["GET"]}}],"collection":[{"href":"https:\/\/theworldwidejournal.com\/index.php?rest_route=\/wp\/v2\/posts"}],"about":[{"href":"https:\/\/theworldwidejournal.com\/index.php?rest_route=\/wp\/v2\/types\/post"}],"author":[{"embeddable":true,"href":"https:\/\/theworldwidejournal.com\/index.php?rest_route=\/wp\/v2\/users\/2"}],"replies":[{"embeddable":true,"href":"https:\/\/theworldwidejournal.com\/index.php?rest_route=%2Fwp%2Fv2%2Fcomments&post=11138"}],"version-history":[{"count":0,"href":"https:\/\/theworldwidejournal.com\/index.php?rest_route=\/wp\/v2\/posts\/11138\/revisions"}],"wp:featuredmedia":[{"embeddable":true,"href":"https:\/\/theworldwidejournal.com\/index.php?rest_route=\/wp\/v2\/media\/11139"}],"wp:attachment":[{"href":"https:\/\/theworldwidejournal.com\/index.php?rest_route=%2Fwp%2Fv2%2Fmedia&parent=11138"}],"wp:term":[{"taxonomy":"category","embeddable":true,"href":"https:\/\/theworldwidejournal.com\/index.php?rest_route=%2Fwp%2Fv2%2Fcategories&post=11138"},{"taxonomy":"post_tag","embeddable":true,"href":"https:\/\/theworldwidejournal.com\/index.php?rest_route=%2Fwp%2Fv2%2Ftags&post=11138"}],"curies":[{"name":"wp","href":"https:\/\/api.w.org\/{rel}","templated":true}]}}