{"id":11146,"date":"2017-10-16T14:36:37","date_gmt":"2017-10-16T12:36:37","guid":{"rendered":"https:\/\/theworldwidejournal.com\/2017\/10\/16\/eh-bildu-emplaza-a-pnv-y-podemos-por-la-republica-confederal-vasca\/"},"modified":"2017-10-16T14:36:37","modified_gmt":"2017-10-16T12:36:37","slug":"eh-bildu-emplaza-a-pnv-y-podemos-por-la-republica-confederal-vasca","status":"publish","type":"post","link":"https:\/\/theworldwidejournal.com\/?p=11146","title":{"rendered":"EH Bildu emplaza a PNV y Podemos por la \u00abRep\u00fablica Confederal Vasca\u00bb"},"content":{"rendered":"<p>El \u00abproc\u00e8s\u00bb catal\u00e1n ha despertado al soberanismo vasco, que ya prepara su estrategia para alcanzar un nuevo estatus pol\u00edtico para el territorio. Las riendas de este nuevo desaf\u00edo las lleva EH Bildu, que este lunes ha emplazado a PNV y Podemos a buscar v\u00edas para sortear el \u00abveto\u00bb del Estado y proclamar la Rep\u00fablica Confederal Vasca. En este sentido, la portavoz de los radicales en el Parlamento auton\u00f3mico, Maddalen Iriarte, ha reconocido que por el momento el Ejecutivo de \u00cd\u00f1igo Urkullu \u00abno est\u00e1 en la l\u00ednea\u00bb de caminar hacia la secesi\u00f3n, pero ha confiado en que sean los acuerdos que se alcancen en las futuras ponencias de Autogobierno \u00ablos que tengan validez\u00bb. La mandataria soberanista ha explicado en rueda de prensa la propuesta de nuevo estatus pol\u00edtico para el Pa\u00eds Vasco que su formaci\u00f3n defender\u00e1 en los foros de Autogobierno. Un planteamiento que fue aprobado el pasado 7 de octubre por la Conferencia Pol\u00edtica de EH Bildu y que defiende la creaci\u00f3n de una Rep\u00fablica Confederal Vasca conformada por la CAV, Navarra y el Pa\u00eds Vasco franc\u00e9s. La v\u00eda para alcanzar la secesi\u00f3n pasa por la celebraci\u00f3n de un refer\u00e9ndum en cada una de las citadas regiones. En este sentido, Iriarte ha admitido que el Estado \u00abnunca va a aceptar el derecho a decidir de Euskal Herria\u00bb, por lo que ha emplazado a PNV y a Unidos Podemos a no permitir el \u00abveto\u00bb de los poderes estatales y a pactar \u00abmecanismos precisos\u00bb para llevar a cabo las consultas, aunque sean ilegales. Ha reconocido que el lehendakari, I\u00f1igo Urkullu, \u00abno est\u00e1 en la l\u00ednea\u00bb de caminar hacia una Rep\u00fablica Confederal Vasca, pero ha defendido que ser\u00e1n los acuerdos que se alcancen en ponencia \u00ablos que tengan validez\u00bb.<br \/>\nVia: <a href=\"http:\/\/www.abc.es\/espana\/pais-vasco\/abci-bildu-emplaza-y-podemos-buscar-vias-para-proclamar-republica-confederal-vasca-201710161236_noticia.html\" target=\"_blank\">EH Bildu emplaza a PNV y Podemos por la \u00abRep\u00fablica Confederal Vasca\u00bb<\/a><\/p>\n","protected":false},"excerpt":{"rendered":"<p>El \u00abproc\u00e8s\u00bb catal\u00e1n ha despertado al soberanismo vasco, que ya prepara su estrategia para alcanzar un nuevo estatus pol\u00edtico para el territorio. Las riendas de este nuevo desaf\u00edo las lleva EH Bildu, que este lunes ha emplazado a PNV y Podemos a buscar v\u00edas para sortear el \u00abveto\u00bb del Estado [&hellip;]<\/p>\n","protected":false},"author":2,"featured_media":11147,"comment_status":"open","ping_status":"closed","sticky":false,"template":"","format":"standard","meta":{"footnotes":""},"categories":[6],"tags":[],"class_list":["post-11146","post","type-post","status-publish","format-standard","has-post-thumbnail","hentry","category-spanish"],"_links":{"self":[{"href":"https:\/\/theworldwidejournal.com\/index.php?rest_route=\/wp\/v2\/posts\/11146","targetHints":{"allow":["GET"]}}],"collection":[{"href":"https:\/\/theworldwidejournal.com\/index.php?rest_route=\/wp\/v2\/posts"}],"about":[{"href":"https:\/\/theworldwidejournal.com\/index.php?rest_route=\/wp\/v2\/types\/post"}],"author":[{"embeddable":true,"href":"https:\/\/theworldwidejournal.com\/index.php?rest_route=\/wp\/v2\/users\/2"}],"replies":[{"embeddable":true,"href":"https:\/\/theworldwidejournal.com\/index.php?rest_route=%2Fwp%2Fv2%2Fcomments&post=11146"}],"version-history":[{"count":0,"href":"https:\/\/theworldwidejournal.com\/index.php?rest_route=\/wp\/v2\/posts\/11146\/revisions"}],"wp:featuredmedia":[{"embeddable":true,"href":"https:\/\/theworldwidejournal.com\/index.php?rest_route=\/wp\/v2\/media\/11147"}],"wp:attachment":[{"href":"https:\/\/theworldwidejournal.com\/index.php?rest_route=%2Fwp%2Fv2%2Fmedia&parent=11146"}],"wp:term":[{"taxonomy":"category","embeddable":true,"href":"https:\/\/theworldwidejournal.com\/index.php?rest_route=%2Fwp%2Fv2%2Fcategories&post=11146"},{"taxonomy":"post_tag","embeddable":true,"href":"https:\/\/theworldwidejournal.com\/index.php?rest_route=%2Fwp%2Fv2%2Ftags&post=11146"}],"curies":[{"name":"wp","href":"https:\/\/api.w.org\/{rel}","templated":true}]}}