{"id":11201,"date":"2017-10-17T01:28:26","date_gmt":"2017-10-16T23:28:26","guid":{"rendered":"https:\/\/theworldwidejournal.com\/2017\/10\/17\/el-gobierno-recorta-tres-decimas-el-crecimiento-para-2018-por-cataluna\/"},"modified":"2017-10-17T01:28:26","modified_gmt":"2017-10-16T23:28:26","slug":"el-gobierno-recorta-tres-decimas-el-crecimiento-para-2018-por-cataluna","status":"publish","type":"post","link":"https:\/\/theworldwidejournal.com\/?p=11201","title":{"rendered":"El Gobierno recorta tres d\u00e9cimas el crecimiento para 2018 por Catalu\u00f1a"},"content":{"rendered":"<p>Parece que las alertas que lanza el Gobierno no tendr\u00e1n, de momento, un impacto muy significativo en la econom\u00eda. O al menos eso se deduce del escenario econ\u00f3mico enviado a Bruselas para que la Comisi\u00f3n Europea le d\u00e9 el visto bueno. El Ministerio de Econom\u00eda perfila un pron\u00f3stico en el que se recoge el \u201cimpacto negativo asociado a la actual situaci\u00f3n pol\u00edtica en Catalu\u00f1a\u201d. De ah\u00ed que en 2018 el avance del PIB se recorte en tres d\u00e9cimas hasta el 2,3% A su vez, esto se traduce en que el objetivo de d\u00e9ficit del a\u00f1o que viene acabar\u00e1 en el 2,3% del PIB, en lugar del 2,2% anteriormente anunciado. Aun as\u00ed, queda holgadamente por debajo del 3%, lo que permite a Espa\u00f1a salir por fin del procedimiento de tutela europeo que se aplica a los pa\u00edses con las cuentas p\u00fablicas descontroladas.Seguir leyendo.<br \/>\nVia: <a href=\"https:\/\/elpais.com\/economia\/2017\/10\/17\/actualidad\/1508193165_972145.html#?ref=rss&#038;format=simple&#038;link=link\" target=\"_blank\">El Gobierno recorta tres d\u00e9cimas el crecimiento para 2018 por Catalu\u00f1a<\/a><\/p>\n","protected":false},"excerpt":{"rendered":"<p>Parece que las alertas que lanza el Gobierno no tendr\u00e1n, de momento, un impacto muy significativo en la econom\u00eda. O al menos eso se deduce del escenario econ\u00f3mico enviado a Bruselas para que la Comisi\u00f3n Europea le d\u00e9 el visto bueno. El Ministerio de Econom\u00eda perfila un pron\u00f3stico en el [&hellip;]<\/p>\n","protected":false},"author":2,"featured_media":0,"comment_status":"open","ping_status":"closed","sticky":false,"template":"","format":"standard","meta":{"footnotes":""},"categories":[6],"tags":[],"class_list":["post-11201","post","type-post","status-publish","format-standard","hentry","category-spanish"],"_links":{"self":[{"href":"https:\/\/theworldwidejournal.com\/index.php?rest_route=\/wp\/v2\/posts\/11201","targetHints":{"allow":["GET"]}}],"collection":[{"href":"https:\/\/theworldwidejournal.com\/index.php?rest_route=\/wp\/v2\/posts"}],"about":[{"href":"https:\/\/theworldwidejournal.com\/index.php?rest_route=\/wp\/v2\/types\/post"}],"author":[{"embeddable":true,"href":"https:\/\/theworldwidejournal.com\/index.php?rest_route=\/wp\/v2\/users\/2"}],"replies":[{"embeddable":true,"href":"https:\/\/theworldwidejournal.com\/index.php?rest_route=%2Fwp%2Fv2%2Fcomments&post=11201"}],"version-history":[{"count":0,"href":"https:\/\/theworldwidejournal.com\/index.php?rest_route=\/wp\/v2\/posts\/11201\/revisions"}],"wp:attachment":[{"href":"https:\/\/theworldwidejournal.com\/index.php?rest_route=%2Fwp%2Fv2%2Fmedia&parent=11201"}],"wp:term":[{"taxonomy":"category","embeddable":true,"href":"https:\/\/theworldwidejournal.com\/index.php?rest_route=%2Fwp%2Fv2%2Fcategories&post=11201"},{"taxonomy":"post_tag","embeddable":true,"href":"https:\/\/theworldwidejournal.com\/index.php?rest_route=%2Fwp%2Fv2%2Ftags&post=11201"}],"curies":[{"name":"wp","href":"https:\/\/api.w.org\/{rel}","templated":true}]}}