{"id":11204,"date":"2017-10-17T00:00:13","date_gmt":"2017-10-16T22:00:13","guid":{"rendered":"https:\/\/theworldwidejournal.com\/2017\/10\/17\/la-justicia-actua\/"},"modified":"2017-10-17T00:00:13","modified_gmt":"2017-10-16T22:00:13","slug":"la-justicia-actua","status":"publish","type":"post","link":"https:\/\/theworldwidejournal.com\/?p=11204","title":{"rendered":"La justicia act\u00faa"},"content":{"rendered":"<p>La Audiencia Nacional decret\u00f3 este lunes prisi\u00f3n incondicional contra Jordi S\u00e0nchez (ANC) y Jordi Cuixart (\u00d2mnium) como medida cautelar para asegurar su disponibilidad ante la justicia en el proceso que se sigue contra los dos activistas por el presunto delito de sedici\u00f3n. Ambos organizaron los masivos des\u00f3rdenes que los d\u00edas 20 y 21 de septiembre impidieron a la agente judicial (y a los polic\u00edas que cumpl\u00edan las \u00f3rdenes de registro del juzgado n\u00famero 13 de Barcelona) salir del Departamento de Econom\u00eda de la Generalitat, que los manifestantes hab\u00edan rodeado tras la convocatoria de ambos dirigentes separatistas.Seguir leyendo.<br \/>\nVia: <a href=\"https:\/\/elpais.com\/elpais\/2017\/10\/16\/opinion\/1508176524_533523.html#?ref=rss&#038;format=simple&#038;link=link\" target=\"_blank\">La justicia act\u00faa<\/a><\/p>\n","protected":false},"excerpt":{"rendered":"<p>La Audiencia Nacional decret\u00f3 este lunes prisi\u00f3n incondicional contra Jordi S\u00e0nchez (ANC) y Jordi Cuixart (\u00d2mnium) como medida cautelar para asegurar su disponibilidad ante la justicia en el proceso que se sigue contra los dos activistas por el presunto delito de sedici\u00f3n. Ambos organizaron los masivos des\u00f3rdenes que los d\u00edas [&hellip;]<\/p>\n","protected":false},"author":2,"featured_media":0,"comment_status":"open","ping_status":"closed","sticky":false,"template":"","format":"standard","meta":{"footnotes":""},"categories":[6],"tags":[],"class_list":["post-11204","post","type-post","status-publish","format-standard","hentry","category-spanish"],"_links":{"self":[{"href":"https:\/\/theworldwidejournal.com\/index.php?rest_route=\/wp\/v2\/posts\/11204","targetHints":{"allow":["GET"]}}],"collection":[{"href":"https:\/\/theworldwidejournal.com\/index.php?rest_route=\/wp\/v2\/posts"}],"about":[{"href":"https:\/\/theworldwidejournal.com\/index.php?rest_route=\/wp\/v2\/types\/post"}],"author":[{"embeddable":true,"href":"https:\/\/theworldwidejournal.com\/index.php?rest_route=\/wp\/v2\/users\/2"}],"replies":[{"embeddable":true,"href":"https:\/\/theworldwidejournal.com\/index.php?rest_route=%2Fwp%2Fv2%2Fcomments&post=11204"}],"version-history":[{"count":0,"href":"https:\/\/theworldwidejournal.com\/index.php?rest_route=\/wp\/v2\/posts\/11204\/revisions"}],"wp:attachment":[{"href":"https:\/\/theworldwidejournal.com\/index.php?rest_route=%2Fwp%2Fv2%2Fmedia&parent=11204"}],"wp:term":[{"taxonomy":"category","embeddable":true,"href":"https:\/\/theworldwidejournal.com\/index.php?rest_route=%2Fwp%2Fv2%2Fcategories&post=11204"},{"taxonomy":"post_tag","embeddable":true,"href":"https:\/\/theworldwidejournal.com\/index.php?rest_route=%2Fwp%2Fv2%2Ftags&post=11204"}],"curies":[{"name":"wp","href":"https:\/\/api.w.org\/{rel}","templated":true}]}}