{"id":11213,"date":"2017-10-16T22:10:46","date_gmt":"2017-10-16T20:10:46","guid":{"rendered":"https:\/\/theworldwidejournal.com\/2017\/10\/16\/portugal-bate-su-record-al-registrar-mas-de-400-incendios-en-un-dia\/"},"modified":"2017-10-16T22:10:46","modified_gmt":"2017-10-16T20:10:46","slug":"portugal-bate-su-record-al-registrar-mas-de-400-incendios-en-un-dia","status":"publish","type":"post","link":"https:\/\/theworldwidejournal.com\/?p=11213","title":{"rendered":"Portugal bate su r\u00e9cord al registrar m\u00e1s de 400 incendios en un d\u00eda"},"content":{"rendered":"<p>El reloj de la muerte se puso en marcha en Portugal el domingo 15 de octubre por la noche y no ha dejado de avanzar a lo largo de este lunes, con al menos 38 muertos por el camino despu\u00e9s de la brutal embestida de las llamas. La franja centro-norte dispar\u00f3 todas las alarmas y se bati\u00f3 el triste r\u00e9cord de incendios registrados en un solo d\u00eda: 443, seg\u00fan la Autoridad Nacional de Protecci\u00f3n Civil; 523, seg\u00fan el Gobierno socialista de Ant\u00f3nio Costa. S\u00ed, porque una vez m\u00e1s la guerra de cifras est\u00e1 servida, tal cual sucedi\u00f3 durante la tragedia de Pedr\u00f3gao Grande el pasado 17 de junio, con 65 fallecidos oficiales pero muchos m\u00e1s al decir de varias investigaciones independientes. El caso es que la gravedad de la cat\u00e1strofe, entonces concentrada en esa zona de Leiria y hoy dispersa en decenas de aldeas y localidades en direcci\u00f3n a Oporto y la frontera con Galicia, vuelve a sacudir a los portugueses, impotentes ante la ineficacia probada de los mecanismos institucionales. Van 107 muertos en lo que va de a\u00f1o, un dato que levanta ampollas en el considerado \u2018pa\u00eds milagro\u2019 de la Uni\u00f3n Europea debido a la indudable mejora de su econom\u00eda. Los vientos originados por el paso del hurac\u00e1n Ofelia se a\u00f1adieron para amplificar los efectos y el Ejecutivo se apresur\u00f3 a solicitar ayuda a Bruselas. Se tem\u00eda por las vidas de algunas personas a las que no era posible localizar, y fue as\u00ed como se confirm\u00f3 precisamente el deceso de un beb\u00e9 de un mes al que se le hab\u00eda perdido el rastro en T\u00e1bua (cerca de Coimbra). Tambi\u00e9n una joven embarazada de 19 a\u00f1os, que hu\u00eda de las llamas cerca de Aveiro y se vio envuelta en un choque frontal en plena conducci\u00f3n. E igualmente cuatro ancianos en las proximidades de Viseu. Las escenas dantescas no cesan de sobrecoger a los sufridos habitantes, mientras el caos se propagaba de norte a sur, con 25 carreteras cortadas y cuatro trenes repletos de viajeros bloqueados en las l\u00edneas de ferrocarril de Beira Alta. 56 heridos (15 en estado grave) permanec\u00edan ingresados al cierre de esta edici\u00f3n, por lo que no se sab\u00eda cu\u00e1ndo iban a detenerse las manecillas del funesto cuentamuertos. Dolor e indignaci\u00f3n entre la gente de a pie, incapaz de comprender c\u00f3mo es posible que el Gobierno socialista no haya aprendido la lecci\u00f3n de la tragedia de Madeira el a\u00f1o pasado y, sobre todo, de Pedr\u00f3gao Grande justo antes de comenzar el verano. La preocupaci\u00f3n ciudadana se fue manifestando en las redes sociales con tal fuerza que Ant\u00f3nio Costa compareci\u00f3 por iniciativa propia en las televisiones a \u00faltima hora de la tarde. Y tambi\u00e9n el presidente de la Rep\u00fablica, Marcelo Rebelo de Sousa, quien hab\u00eda dicho que \u00abes momento de hechos, no de palabras\u00bb y recibi\u00f3 el apoyo y la solidaridad del rey de Espa\u00f1a, Felipe VI. En cuanto al primer ministro, sus primeras declaraciones no fueron precisamente tranquilizadoras: \u00abEsta situaci\u00f3n se va a repetir\u00bb. Un reconocimiento impl\u00edcito de que Portugal no acredita la suficiente infraestructura como para garantizar la tranquilidad de la poblaci\u00f3n. M\u00e1s voces que se dejaron o\u00edr: la ministra de Administraci\u00f3n Interna, Constan\u00e7a Urbano de Sousa, se permiti\u00f3 un comentario un tanto fr\u00edvolo al se\u00f1alar que \u00abdimitir ser\u00eda tener las vacaciones que no tuve\u00bb. M\u00e1s contundente se mostr\u00f3 el presidente de la Liga dos Bombeiros, Jaime Marta Soares: \u00abSe extiende la acci\u00f3n de mafias terroristas para quemar el pa\u00eds y las autoridades deben asumir su responsabilidad\u00bb. El colectivo que agrupa a los bomberos dio a conocer un informe conjunto elaborado con Protecci\u00f3n Civil y el Instituto Nacional de Emergencias a prop\u00f3sito del gigantesco incendio de Pedr\u00f3gao Grande. Y la rotundidad de sus conclusiones no deja t\u00edtere con cabeza: muchas vidas se pod\u00edan haber salvado y hubo graves fallos humanos, lo que convierte \u00abeste fuego en un caso digno de estudio a nivel nacional e internacional\u00bb. El Gobierno, que decret\u00f3 el Estado de Calamidad P\u00fablica en todo el territorio portugu\u00e9s, ha declarado tres d\u00edas de luto nacional.<br \/>\nVia: <a href=\"http:\/\/www.abc.es\/sociedad\/abci-portugal-bate-propio-record-registrar-mas-400-incendios-201710162010_noticia.html\" target=\"_blank\">Portugal bate su r\u00e9cord al registrar m\u00e1s de 400 incendios en un d\u00eda<\/a><\/p>\n","protected":false},"excerpt":{"rendered":"<p>El reloj de la muerte se puso en marcha en Portugal el domingo 15 de octubre por la noche y no ha dejado de avanzar a lo largo de este lunes, con al menos 38 muertos por el camino despu\u00e9s de la brutal embestida de las llamas. La franja centro-norte [&hellip;]<\/p>\n","protected":false},"author":2,"featured_media":11214,"comment_status":"open","ping_status":"closed","sticky":false,"template":"","format":"standard","meta":{"footnotes":""},"categories":[6],"tags":[],"class_list":["post-11213","post","type-post","status-publish","format-standard","has-post-thumbnail","hentry","category-spanish"],"_links":{"self":[{"href":"https:\/\/theworldwidejournal.com\/index.php?rest_route=\/wp\/v2\/posts\/11213","targetHints":{"allow":["GET"]}}],"collection":[{"href":"https:\/\/theworldwidejournal.com\/index.php?rest_route=\/wp\/v2\/posts"}],"about":[{"href":"https:\/\/theworldwidejournal.com\/index.php?rest_route=\/wp\/v2\/types\/post"}],"author":[{"embeddable":true,"href":"https:\/\/theworldwidejournal.com\/index.php?rest_route=\/wp\/v2\/users\/2"}],"replies":[{"embeddable":true,"href":"https:\/\/theworldwidejournal.com\/index.php?rest_route=%2Fwp%2Fv2%2Fcomments&post=11213"}],"version-history":[{"count":0,"href":"https:\/\/theworldwidejournal.com\/index.php?rest_route=\/wp\/v2\/posts\/11213\/revisions"}],"wp:featuredmedia":[{"embeddable":true,"href":"https:\/\/theworldwidejournal.com\/index.php?rest_route=\/wp\/v2\/media\/11214"}],"wp:attachment":[{"href":"https:\/\/theworldwidejournal.com\/index.php?rest_route=%2Fwp%2Fv2%2Fmedia&parent=11213"}],"wp:term":[{"taxonomy":"category","embeddable":true,"href":"https:\/\/theworldwidejournal.com\/index.php?rest_route=%2Fwp%2Fv2%2Fcategories&post=11213"},{"taxonomy":"post_tag","embeddable":true,"href":"https:\/\/theworldwidejournal.com\/index.php?rest_route=%2Fwp%2Fv2%2Ftags&post=11213"}],"curies":[{"name":"wp","href":"https:\/\/api.w.org\/{rel}","templated":true}]}}