{"id":11233,"date":"2017-10-17T14:12:31","date_gmt":"2017-10-17T12:12:31","guid":{"rendered":"https:\/\/theworldwidejournal.com\/2017\/10\/17\/neuf-interpellations-dans-lenquete-sur-un-militant-dultradroite-accuse-de-terrorisme\/"},"modified":"2017-10-17T14:12:31","modified_gmt":"2017-10-17T12:12:31","slug":"neuf-interpellations-dans-lenquete-sur-un-militant-dultradroite-accuse-de-terrorisme","status":"publish","type":"post","link":"https:\/\/theworldwidejournal.com\/?p=11233","title":{"rendered":"Neuf interpellations dans l\u2019enqu\u00eate sur un militant d\u2019ultradroite accus\u00e9 de terrorisme"},"content":{"rendered":"<p>Logan N., 21 ans, militant d\u2019ultradroite, avait \u00e9t\u00e9 interpell\u00e9 le 28 juin \u00e0 Vitrolles (Bouches-du-Rh\u00f4nes) et mis en examen le 1er juillet pour \u00ab\u00a0association de malfaiteurs terroriste\u00a0\u00bb.<br \/>\nVia: <a href=\"http:\/\/www.lemonde.fr\/police-justice\/article\/2017\/10\/17\/neuf-interpellations-dans-l-enquete-sur-un-militant-d-ultra-droite-accuse-de-terrorisme_5202092_1653578.html?xtor=RSS-3208\" target=\"_blank\">Neuf interpellations dans l\u2019enqu\u00eate sur un militant d\u2019ultradroite accus\u00e9 de terrorisme<\/a><\/p>\n","protected":false},"excerpt":{"rendered":"<p>Logan N., 21 ans, militant d\u2019ultradroite, avait \u00e9t\u00e9 interpell\u00e9 le 28 juin \u00e0 Vitrolles (Bouches-du-Rh\u00f4nes) et mis en examen le 1er juillet pour \u00ab\u00a0association de malfaiteurs terroriste\u00a0\u00bb. Via: Neuf interpellations dans l\u2019enqu\u00eate sur un militant d\u2019ultradroite accus\u00e9 de terrorisme<\/p>\n","protected":false},"author":2,"featured_media":0,"comment_status":"open","ping_status":"closed","sticky":false,"template":"","format":"standard","meta":{"footnotes":""},"categories":[4],"tags":[],"class_list":["post-11233","post","type-post","status-publish","format-standard","hentry","category-french"],"_links":{"self":[{"href":"https:\/\/theworldwidejournal.com\/index.php?rest_route=\/wp\/v2\/posts\/11233","targetHints":{"allow":["GET"]}}],"collection":[{"href":"https:\/\/theworldwidejournal.com\/index.php?rest_route=\/wp\/v2\/posts"}],"about":[{"href":"https:\/\/theworldwidejournal.com\/index.php?rest_route=\/wp\/v2\/types\/post"}],"author":[{"embeddable":true,"href":"https:\/\/theworldwidejournal.com\/index.php?rest_route=\/wp\/v2\/users\/2"}],"replies":[{"embeddable":true,"href":"https:\/\/theworldwidejournal.com\/index.php?rest_route=%2Fwp%2Fv2%2Fcomments&post=11233"}],"version-history":[{"count":0,"href":"https:\/\/theworldwidejournal.com\/index.php?rest_route=\/wp\/v2\/posts\/11233\/revisions"}],"wp:attachment":[{"href":"https:\/\/theworldwidejournal.com\/index.php?rest_route=%2Fwp%2Fv2%2Fmedia&parent=11233"}],"wp:term":[{"taxonomy":"category","embeddable":true,"href":"https:\/\/theworldwidejournal.com\/index.php?rest_route=%2Fwp%2Fv2%2Fcategories&post=11233"},{"taxonomy":"post_tag","embeddable":true,"href":"https:\/\/theworldwidejournal.com\/index.php?rest_route=%2Fwp%2Fv2%2Ftags&post=11233"}],"curies":[{"name":"wp","href":"https:\/\/api.w.org\/{rel}","templated":true}]}}