{"id":11277,"date":"2017-10-17T15:14:47","date_gmt":"2017-10-17T13:14:47","guid":{"rendered":"https:\/\/theworldwidejournal.com\/2017\/10\/17\/la-fiscalia-estudia-la-forma-de-que-trapero-ingrese-en-prision\/"},"modified":"2017-10-17T15:14:47","modified_gmt":"2017-10-17T13:14:47","slug":"la-fiscalia-estudia-la-forma-de-que-trapero-ingrese-en-prision","status":"publish","type":"post","link":"https:\/\/theworldwidejournal.com\/?p=11277","title":{"rendered":"La Fiscal\u00eda estudia la forma de que Trapero ingrese en prisi\u00f3n"},"content":{"rendered":"<p>La Fiscal\u00eda de la Audiencia Nacional no est\u00e1 conforme con la decisi\u00f3n de la juez Carmen Lamela de dejar en libertad con medidas cautelares al comisario mayor de los Mossos d\u2019Esquadra, Josep Llu\u00eds Trapero, imputado por sedici\u00f3n por la supuesta pasividad del cuerpo policial auton\u00f3mico en los altercados del 20 y 21 de septiembre, cuando se produjeron protestas masivas contra la Operaci\u00f3n Anubis de la Guardia Civil contra los organizadores del refer\u00e9ndum ilegal de autodeterminaci\u00f3n de Catalu\u00f1a del 1 de octubre. Seg\u00fan fuentes fiscales, el ministerio p\u00fablico busca la forma de que Trapero pueda ingresar en prisi\u00f3n, como pidi\u00f3 tras su declaraci\u00f3n del pasado lunes, mediante dos posibles f\u00f3rmulas: un recurso contra el auto que decretaba la libertad del jefe de los Mossos o pedir que las pesquisas se ampl\u00eden a la misma jornada de la consulta ilegal.Seguir leyendo.<br \/>\nVia: <a href=\"https:\/\/elpais.com\/politica\/2017\/10\/17\/actualidad\/1508245074_323593.html#?ref=rss&#038;format=simple&#038;link=link\" target=\"_blank\">La Fiscal\u00eda estudia la forma de que Trapero ingrese en prisi\u00f3n<\/a><\/p>\n","protected":false},"excerpt":{"rendered":"<p>La Fiscal\u00eda de la Audiencia Nacional no est\u00e1 conforme con la decisi\u00f3n de la juez Carmen Lamela de dejar en libertad con medidas cautelares al comisario mayor de los Mossos d\u2019Esquadra, Josep Llu\u00eds Trapero, imputado por sedici\u00f3n por la supuesta pasividad del cuerpo policial auton\u00f3mico en los altercados del 20 [&hellip;]<\/p>\n","protected":false},"author":2,"featured_media":0,"comment_status":"open","ping_status":"closed","sticky":false,"template":"","format":"standard","meta":{"footnotes":""},"categories":[6],"tags":[],"class_list":["post-11277","post","type-post","status-publish","format-standard","hentry","category-spanish"],"_links":{"self":[{"href":"https:\/\/theworldwidejournal.com\/index.php?rest_route=\/wp\/v2\/posts\/11277","targetHints":{"allow":["GET"]}}],"collection":[{"href":"https:\/\/theworldwidejournal.com\/index.php?rest_route=\/wp\/v2\/posts"}],"about":[{"href":"https:\/\/theworldwidejournal.com\/index.php?rest_route=\/wp\/v2\/types\/post"}],"author":[{"embeddable":true,"href":"https:\/\/theworldwidejournal.com\/index.php?rest_route=\/wp\/v2\/users\/2"}],"replies":[{"embeddable":true,"href":"https:\/\/theworldwidejournal.com\/index.php?rest_route=%2Fwp%2Fv2%2Fcomments&post=11277"}],"version-history":[{"count":0,"href":"https:\/\/theworldwidejournal.com\/index.php?rest_route=\/wp\/v2\/posts\/11277\/revisions"}],"wp:attachment":[{"href":"https:\/\/theworldwidejournal.com\/index.php?rest_route=%2Fwp%2Fv2%2Fmedia&parent=11277"}],"wp:term":[{"taxonomy":"category","embeddable":true,"href":"https:\/\/theworldwidejournal.com\/index.php?rest_route=%2Fwp%2Fv2%2Fcategories&post=11277"},{"taxonomy":"post_tag","embeddable":true,"href":"https:\/\/theworldwidejournal.com\/index.php?rest_route=%2Fwp%2Fv2%2Ftags&post=11277"}],"curies":[{"name":"wp","href":"https:\/\/api.w.org\/{rel}","templated":true}]}}