{"id":11279,"date":"2017-10-17T17:45:51","date_gmt":"2017-10-17T15:45:51","guid":{"rendered":"https:\/\/theworldwidejournal.com\/?p=11279"},"modified":"2017-10-17T17:45:51","modified_gmt":"2017-10-17T15:45:51","slug":"bruselas-rechaza-comentar-el-ingreso-en-prision-de-cuixart-y-sanchez","status":"publish","type":"post","link":"https:\/\/theworldwidejournal.com\/?p=11279","title":{"rendered":"Bruselas rechaza comentar el ingreso en prisi\u00f3n de Cuixart y S\u00e0nchez"},"content":{"rendered":"<p>La Comisi\u00f3n Europea (CE) ha rechazado hoy comentar el ingreso en prisi\u00f3n de los presidentes de la Assemblea Nacional Catalana (ANC), Jordi S\u00e0nchez, y de \u00d2mnium Cultural, Jordi Cuixart, por tratarse de \u00abun asunto interno\u00bb. El portavoz del Ejecutivo comunitario Alexander Winterstein ha explicado adem\u00e1s en la rueda de prensa diaria de la CE que la instituci\u00f3n \u00abnunca comenta procedimientos judiciales en curso en un Estado miembro\u00bb. Weinterstein ha se\u00f1alado tambi\u00e9n que desde la CE se est\u00e1 al tanto de esa decisi\u00f3n y se sigue en contacto con las autoridades espa\u00f1olas. Preguntado sobre si el Ejecutivo comunitario est\u00e1 igualmente en contacto con alguna autoridad catalana, el portavoz ha se\u00f1alado desconocer que los hubiera y ha dicho no tener \u00abm\u00e1s comentarios que hacer\u00bb. Ante las reiteradas preguntas de los medios catalanes acreditados en Bruselas, Weinterstein, al que el Ejecutivo comunitario ha nombrado ya \u00abespecialista\u00bb del asunto, en palabras del portavoz jefe de la CE, Margaritis Schinas, ha reiterado que \u00abla Comisi\u00f3n Europea no tiene nada m\u00e1s que comentar de un asunto que corresponde al orden interno y constitucional de un Estado miembro\u00bb. Recurso contra la orden de ingreso en prisi\u00f3n Este lunes, la juez de la Audiencia Nacional Carmen Lamela decidi\u00f3 enviar a prisi\u00f3n sin fianza a S\u00e0nchez y a Cuixart por promover el acoso a la Guardia Civil el 20 de septiembre durante una operaci\u00f3n para impedir el 1-O. Sus presentar\u00e1n un recurso contra las \u00f3rdenes de su ingreso en prisi\u00f3n. El abogado de S\u00e0nchez considera \u00abescasa y parca\u00bb la fundamentaci\u00f3n jur\u00eddica que la magistrada ha esgrimido para enviarlos a prisi\u00f3n por un supuesto riesgo de destrucci\u00f3n de pruebas, de reiteraci\u00f3n delictiva y de fuga. Seg\u00fan han se\u00f1alado los abogados, los dos presidentes est\u00e1n juntos en el departamento de ingresos de la c\u00e1rcel y quieren mandar un mensaje de \u00abserenidad\u00bb y trasladar \u00abmucha calma y paciencia\u00bb: \u00abQue la gente se movilice con civismo y tranquilidad, como siempre\u00bb, ha apuntado Roig, preguntada por las movilizaciones que se han convocado en Catalu\u00f1a en se\u00f1al de protesta. Respecto a si creen que sus clientes son \u00abpresos pol\u00edticos\u00bb, los abogados no han querido pronunciarse: \u00abCada uno sabr\u00e1 juzgar si son presos pol\u00edticos\u00bb, ha dicho, aunque ha a\u00f1adido que &#8220;no hay ninguna duda&#8221; de que S\u00e0nchez y Cuixart \u00abest\u00e1n encarcelados en un procedimiento que tiene un componente pol\u00edtico\u00bb.<br \/>\nVia: <a href=\"http:\/\/www.abc.es\/espana\/abci-bruselas-rechaza-comentar-ingreso-prision-cuixart-y-sanchez-201710171545_noticia.html\" target=\"_blank\">Bruselas rechaza comentar el ingreso en prisi\u00f3n de Cuixart y S\u00e0nchez<\/a><\/p>\n","protected":false},"excerpt":{"rendered":"<p>La Comisi\u00f3n Europea (CE) ha rechazado hoy comentar el ingreso en prisi\u00f3n de los presidentes de la Assemblea Nacional Catalana (ANC), Jordi S\u00e0nchez, y de \u00d2mnium Cultural, Jordi Cuixart, por tratarse de \u00abun asunto interno\u00bb. El portavoz del Ejecutivo comunitario Alexander Winterstein ha explicado adem\u00e1s en la rueda de prensa [&hellip;]<\/p>\n","protected":false},"author":2,"featured_media":11280,"comment_status":"open","ping_status":"closed","sticky":false,"template":"","format":"standard","meta":{"footnotes":""},"categories":[6],"tags":[],"class_list":["post-11279","post","type-post","status-publish","format-standard","has-post-thumbnail","hentry","category-spanish"],"_links":{"self":[{"href":"https:\/\/theworldwidejournal.com\/index.php?rest_route=\/wp\/v2\/posts\/11279","targetHints":{"allow":["GET"]}}],"collection":[{"href":"https:\/\/theworldwidejournal.com\/index.php?rest_route=\/wp\/v2\/posts"}],"about":[{"href":"https:\/\/theworldwidejournal.com\/index.php?rest_route=\/wp\/v2\/types\/post"}],"author":[{"embeddable":true,"href":"https:\/\/theworldwidejournal.com\/index.php?rest_route=\/wp\/v2\/users\/2"}],"replies":[{"embeddable":true,"href":"https:\/\/theworldwidejournal.com\/index.php?rest_route=%2Fwp%2Fv2%2Fcomments&post=11279"}],"version-history":[{"count":0,"href":"https:\/\/theworldwidejournal.com\/index.php?rest_route=\/wp\/v2\/posts\/11279\/revisions"}],"wp:featuredmedia":[{"embeddable":true,"href":"https:\/\/theworldwidejournal.com\/index.php?rest_route=\/wp\/v2\/media\/11280"}],"wp:attachment":[{"href":"https:\/\/theworldwidejournal.com\/index.php?rest_route=%2Fwp%2Fv2%2Fmedia&parent=11279"}],"wp:term":[{"taxonomy":"category","embeddable":true,"href":"https:\/\/theworldwidejournal.com\/index.php?rest_route=%2Fwp%2Fv2%2Fcategories&post=11279"},{"taxonomy":"post_tag","embeddable":true,"href":"https:\/\/theworldwidejournal.com\/index.php?rest_route=%2Fwp%2Fv2%2Ftags&post=11279"}],"curies":[{"name":"wp","href":"https:\/\/api.w.org\/{rel}","templated":true}]}}