{"id":11285,"date":"2017-10-17T16:40:59","date_gmt":"2017-10-17T14:40:59","guid":{"rendered":"https:\/\/theworldwidejournal.com\/?p=11285"},"modified":"2017-10-17T16:40:59","modified_gmt":"2017-10-17T14:40:59","slug":"papa-francisco-las-conferencias-de-prensa-me-hacen-vulnerable","status":"publish","type":"post","link":"https:\/\/theworldwidejournal.com\/?p=11285","title":{"rendered":"Papa Francisco: las conferencias de prensa \u00abme hacen vulnerable\u00bb"},"content":{"rendered":"<p>Sus largas conferencias de prensa en el avi\u00f3n al regreso de viajes agotadores no son un plato de gusto, seg\u00fan reconoce el Papa Francisco en el pr\u00f3logo a un libro de entrevistas, adelantado por la editorial Rizzoli este martes: \u00abS\u00ed, tengo todav\u00eda el miedo a ser malinterpretado\u00bb. El Papa confiesa que \u00aba veces, en el avi\u00f3n, imagino las preguntas que podr\u00edan hacerme. Pero para responder necesito estar con la persona y mirarle a los ojos. S\u00ed, tengo todav\u00eda miedo a ser malinterpretado. Pero quiero correr ese riesgo pastoral\u00bb. El volumen, titulado \u00abAhora haced vuestras preguntas\u00bb recoge ocho de las muchas entrevistas concedidas por el Santo Padre en cuatro a\u00f1os y medio de pontificado. Ha sido coordinado por el jesuita Antonio Spadaro, director de \u00abLa Civilt\u00e0 Cattolica\u00bb, quien le hizo las dos primeras de gran alcance sobre sus proyectos y su personalidad. A diferencia de las entrevistas period\u00edsticas tranquilas en Casa Santa Marta, las m\u00e1s de veinte conferencias de prensa celebradas ya en el avi\u00f3n papal son un verdadero riesgo, pues tienen lugar por la noche, justo al regreso de viajes que dejan exhausto a Francisco y a los periodistas. En varias ocasiones, alguna frase poco matizada -o sacada de contexto en las redacciones de los medios- ha causado molestia a personas buenas, y eso tambi\u00e9n le duele a \u00e9l. El Papa confiesa que \u00abme gusta responder a las preguntas con sinceridad. S\u00e9 que tengo que ser prudente y espero serlo. Rezo siempre al Esp\u00edritu Santo antes de comenzar a escuchar las preguntas y a responder\u00bb. Sabe muy bien que es peligroso, pero \u00abdel mismo modo que no debo perder la prudencia, tampoco debo perder la confianza. S\u00e9 que esto puede hacerme vulnerable, pero es un riesgo que quiero correr\u00bb. Francisco prefiere siempre utilizar palabras y expresiones sencillas tanto en las conferencias de prensa y entrevistas como en la breve homil\u00eda de la misa que celebra cada ma\u00f1ana ante veinticinco personas de alguna parroquia de Roma. Corre riesgos porque desea \u00abuna Iglesia que sepa participar en las conversaciones de los hombres, que sepa dialogar\u00bb. Y lo hace siguiendo un precedente en el que pocos hab\u00edan pensado: \u00abla Iglesia de Ema\u00fas, en la que el Se\u00f1or \u2018entrevista\u2019 a los disc\u00edpulos que caminan desanimados. Para m\u00ed, las entrevistas forman parte de esta conversaci\u00f3n con los hombres de hoy\u00bb.<br \/>\nVia: <a href=\"http:\/\/www.abc.es\/sociedad\/abci-papa-francisco-conferencias-prensa-hacen-vulnerable-pero-riesgo-quiero-correr-201710171440_noticia.html\" target=\"_blank\">Papa Francisco: las conferencias de prensa \u00abme hacen vulnerable\u00bb<\/a><\/p>\n","protected":false},"excerpt":{"rendered":"<p>Sus largas conferencias de prensa en el avi\u00f3n al regreso de viajes agotadores no son un plato de gusto, seg\u00fan reconoce el Papa Francisco en el pr\u00f3logo a un libro de entrevistas, adelantado por la editorial Rizzoli este martes: \u00abS\u00ed, tengo todav\u00eda el miedo a ser malinterpretado\u00bb. El Papa confiesa [&hellip;]<\/p>\n","protected":false},"author":2,"featured_media":11286,"comment_status":"open","ping_status":"closed","sticky":false,"template":"","format":"standard","meta":{"footnotes":""},"categories":[6],"tags":[],"class_list":["post-11285","post","type-post","status-publish","format-standard","has-post-thumbnail","hentry","category-spanish"],"_links":{"self":[{"href":"https:\/\/theworldwidejournal.com\/index.php?rest_route=\/wp\/v2\/posts\/11285","targetHints":{"allow":["GET"]}}],"collection":[{"href":"https:\/\/theworldwidejournal.com\/index.php?rest_route=\/wp\/v2\/posts"}],"about":[{"href":"https:\/\/theworldwidejournal.com\/index.php?rest_route=\/wp\/v2\/types\/post"}],"author":[{"embeddable":true,"href":"https:\/\/theworldwidejournal.com\/index.php?rest_route=\/wp\/v2\/users\/2"}],"replies":[{"embeddable":true,"href":"https:\/\/theworldwidejournal.com\/index.php?rest_route=%2Fwp%2Fv2%2Fcomments&post=11285"}],"version-history":[{"count":0,"href":"https:\/\/theworldwidejournal.com\/index.php?rest_route=\/wp\/v2\/posts\/11285\/revisions"}],"wp:featuredmedia":[{"embeddable":true,"href":"https:\/\/theworldwidejournal.com\/index.php?rest_route=\/wp\/v2\/media\/11286"}],"wp:attachment":[{"href":"https:\/\/theworldwidejournal.com\/index.php?rest_route=%2Fwp%2Fv2%2Fmedia&parent=11285"}],"wp:term":[{"taxonomy":"category","embeddable":true,"href":"https:\/\/theworldwidejournal.com\/index.php?rest_route=%2Fwp%2Fv2%2Fcategories&post=11285"},{"taxonomy":"post_tag","embeddable":true,"href":"https:\/\/theworldwidejournal.com\/index.php?rest_route=%2Fwp%2Fv2%2Ftags&post=11285"}],"curies":[{"name":"wp","href":"https:\/\/api.w.org\/{rel}","templated":true}]}}