{"id":11359,"date":"2017-10-17T22:21:05","date_gmt":"2017-10-17T20:21:05","guid":{"rendered":"https:\/\/theworldwidejournal.com\/2017\/10\/17\/guindos-afirma-que-la-desaceleracion-de-cataluna-es-casi-el-doble-que-la-del-resto-de-espana\/"},"modified":"2017-10-17T22:21:05","modified_gmt":"2017-10-17T20:21:05","slug":"guindos-afirma-que-la-desaceleracion-de-cataluna-es-casi-el-doble-que-la-del-resto-de-espana","status":"publish","type":"post","link":"https:\/\/theworldwidejournal.com\/?p=11359","title":{"rendered":"Guindos afirma que la desaceleraci\u00f3n de Catalu\u00f1a es casi el doble que la del resto de Espa\u00f1a"},"content":{"rendered":"<p>El ministro de Econom\u00eda, Industria y Competitividad, Luis de Guindos, alert\u00f3 este martes de que la desaceleraci\u00f3n econ\u00f3mica en Catalu\u00f1a es \u00abpr\u00e1cticamente el doble que la del resto de Espa\u00f1a\u00bb. En declaraciones a la prensa antes de participar en un acto organizado por la patronal Cepyme, el ministro se\u00f1al\u00f3 que el recorte en la previsi\u00f3n de crecimiento del PIB es \u00abreversible\u00bb, porque es \u00abconsecuencia de la incertidumbre en el \u00e1mbito de Catalu\u00f1a\u00bb. De Guindos explic\u00f3 que en el \u2018Plan Presupuestario 2018\u2019 remitido a Bruselas el Gobierno plantea una desaceleraci\u00f3n de ocho d\u00e9cimas en el crecimiento, que pasar\u00e1 del 3,1% en 2017 al 2,3% en 2018, cuando el anterior c\u00e1lculo del Ejecutivo apuntaba un alza del PIB del 2,6% el a\u00f1o que viene. \u00abEn circunstancias normales la desaceleraci\u00f3n hubiera sido mucho m\u00e1s reducida, \u00fanicamente de unas tres d\u00e9cimas\u00bb, por lo que \u00abhay medio punto que obedece a la incertidumbre derivada de la situaci\u00f3n en Catalu\u00f1a\u00bb. Seg\u00fan el ministro, esta evoluci\u00f3n esto \u00aba su vez es consecuencia de la propia desaceleraci\u00f3n de la econom\u00eda catalana, que es cerca del 20% de la econom\u00eda nacional\u00bb. En concreto, asegur\u00f3, la desaceleraci\u00f3n en Catalu\u00f1a es \u00abpr\u00e1cticamente el doble que la del resto de Espa\u00f1a\u00bb. Por tanto, subray\u00f3, \u00absi la situaci\u00f3n se revierte tendr\u00edamos un cuadro macroecon\u00f3mico un crecimiento bastante m\u00e1s elevado que el 2,3% que hemos incluido en el documento remitido a Bruselas\u00bb. Caixabank y Sabadell recuperan dep\u00f3sitos Guindos, tambi\u00e9n ha afirmado este martes que desde que CaixaBank y Sabadell anunciaron el traslado de su sede social fuera de Catalu\u00f1a \u00abhay entradas netas de dep\u00f3sitos\u00bb en ambas entidades. El ministro se pronunci\u00f3 as\u00ed cuando se le pregunt\u00f3 si estaba contabilizada la cuant\u00eda de la \u2018fuga de dep\u00f3sitos\u2019 de entidades catalanas desde el refer\u00e9ndum ilegal de independencia del 1 de octubre. \u00abDesde que tomaron la decisi\u00f3n los bancos que antes estaban domiciliados en Catalu\u00f1a de irse fuera se ha revertido la situaci\u00f3n y hay entradas netas de dep\u00f3sitos\u00bb, aseguro el titular de Econom\u00eda. Las palabras del ministro se producen apenas horas despu\u00e9s de que la directora de Coordinaci\u00f3n de los Registros Mercantiles de Espa\u00f1a haya afirmado en Herrera en COPE que ya son 691 las empresas las que han abandonado Barcelona y Gerona despu\u00e9s del intento de refer\u00e9ndum el pasado 1 de octubre. Del Valle ha se\u00f1alado que en la primera quincena de octubre \u00abse han producido tantos traslados de Catalu\u00f1a a otras comunidades como en todo el resto del a\u00f1o\u00bb. Del Valle a\u00f1ade que solo durante el d\u00eda de ayer salieron 59 empresas de la regi\u00f3n \u00abbuscando seguridad jur\u00eddica\u00bb<br \/>\nVia: <a href=\"http:\/\/www.abc.es\/economia\/abci-guindos-afirma-sabadell-y-caixabank-recuperado-depositos-desde-dejaron-cataluna-201710172021_noticia.html\" target=\"_blank\">Guindos afirma que la desaceleraci\u00f3n de Catalu\u00f1a es casi el doble que la del resto de Espa\u00f1a<\/a><\/p>\n","protected":false},"excerpt":{"rendered":"<p>El ministro de Econom\u00eda, Industria y Competitividad, Luis de Guindos, alert\u00f3 este martes de que la desaceleraci\u00f3n econ\u00f3mica en Catalu\u00f1a es \u00abpr\u00e1cticamente el doble que la del resto de Espa\u00f1a\u00bb. En declaraciones a la prensa antes de participar en un acto organizado por la patronal Cepyme, el ministro se\u00f1al\u00f3 que [&hellip;]<\/p>\n","protected":false},"author":2,"featured_media":11360,"comment_status":"open","ping_status":"closed","sticky":false,"template":"","format":"standard","meta":{"footnotes":""},"categories":[6],"tags":[],"class_list":["post-11359","post","type-post","status-publish","format-standard","has-post-thumbnail","hentry","category-spanish"],"_links":{"self":[{"href":"https:\/\/theworldwidejournal.com\/index.php?rest_route=\/wp\/v2\/posts\/11359","targetHints":{"allow":["GET"]}}],"collection":[{"href":"https:\/\/theworldwidejournal.com\/index.php?rest_route=\/wp\/v2\/posts"}],"about":[{"href":"https:\/\/theworldwidejournal.com\/index.php?rest_route=\/wp\/v2\/types\/post"}],"author":[{"embeddable":true,"href":"https:\/\/theworldwidejournal.com\/index.php?rest_route=\/wp\/v2\/users\/2"}],"replies":[{"embeddable":true,"href":"https:\/\/theworldwidejournal.com\/index.php?rest_route=%2Fwp%2Fv2%2Fcomments&post=11359"}],"version-history":[{"count":0,"href":"https:\/\/theworldwidejournal.com\/index.php?rest_route=\/wp\/v2\/posts\/11359\/revisions"}],"wp:featuredmedia":[{"embeddable":true,"href":"https:\/\/theworldwidejournal.com\/index.php?rest_route=\/wp\/v2\/media\/11360"}],"wp:attachment":[{"href":"https:\/\/theworldwidejournal.com\/index.php?rest_route=%2Fwp%2Fv2%2Fmedia&parent=11359"}],"wp:term":[{"taxonomy":"category","embeddable":true,"href":"https:\/\/theworldwidejournal.com\/index.php?rest_route=%2Fwp%2Fv2%2Fcategories&post=11359"},{"taxonomy":"post_tag","embeddable":true,"href":"https:\/\/theworldwidejournal.com\/index.php?rest_route=%2Fwp%2Fv2%2Ftags&post=11359"}],"curies":[{"name":"wp","href":"https:\/\/api.w.org\/{rel}","templated":true}]}}