{"id":11377,"date":"2017-10-18T14:59:56","date_gmt":"2017-10-18T12:59:56","guid":{"rendered":"https:\/\/theworldwidejournal.com\/2017\/10\/18\/vise-par-un-projet-dattentat-melenchon-veut-des-sanctions-contre-laction-francaise\/"},"modified":"2017-10-18T14:59:56","modified_gmt":"2017-10-18T12:59:56","slug":"vise-par-un-projet-dattentat-melenchon-veut-des-sanctions-contre-laction-francaise","status":"publish","type":"post","link":"https:\/\/theworldwidejournal.com\/?p=11377","title":{"rendered":"Vis\u00e9 par un projet d&#039;attentat, M\u00e9lenchon veut des sanctions contre l&#039;Action fran\u00e7aise"},"content":{"rendered":"<p>LE SCAN POLITIQUE &#8211; L&#8217;ex-candidat \u00e0 la pr\u00e9sidentielle regrette de ne pas avoir \u00e9t\u00e9 inform\u00e9 par les autorit\u00e9s du projet d&#8217;attentat foment\u00e9 par un groupuscule d&#8217;extr\u00eame droite. Il demande aux autorit\u00e9s de fermer le local de l&#8217;Action fran\u00e7aise de Marseille, qui, selon lui, \u00abpourrit la vie des habitants du quartier\u00bb.<br \/>\nVia: <a href=\"http:\/\/www.lefigaro.fr\/politique\/le-scan\/2017\/10\/18\/25001-20171018ARTFIG00191-vise-par-un-projet-d-attentat-melenchon-veut-des-sanctions-contre-l-action-francaise.php\" target=\"_blank\">Vis\u00e9 par un projet d&#039;attentat, M\u00e9lenchon veut des sanctions contre l&#039;Action fran\u00e7aise<\/a><\/p>\n","protected":false},"excerpt":{"rendered":"<p>LE SCAN POLITIQUE &#8211; L&#8217;ex-candidat \u00e0 la pr\u00e9sidentielle regrette de ne pas avoir \u00e9t\u00e9 inform\u00e9 par les autorit\u00e9s du projet d&#8217;attentat foment\u00e9 par un groupuscule d&#8217;extr\u00eame droite. Il demande aux autorit\u00e9s de fermer le local de l&#8217;Action fran\u00e7aise de Marseille, qui, selon lui, \u00abpourrit la vie des habitants du quartier\u00bb. [&hellip;]<\/p>\n","protected":false},"author":2,"featured_media":0,"comment_status":"open","ping_status":"closed","sticky":false,"template":"","format":"standard","meta":{"footnotes":""},"categories":[4],"tags":[],"class_list":["post-11377","post","type-post","status-publish","format-standard","hentry","category-french"],"_links":{"self":[{"href":"https:\/\/theworldwidejournal.com\/index.php?rest_route=\/wp\/v2\/posts\/11377","targetHints":{"allow":["GET"]}}],"collection":[{"href":"https:\/\/theworldwidejournal.com\/index.php?rest_route=\/wp\/v2\/posts"}],"about":[{"href":"https:\/\/theworldwidejournal.com\/index.php?rest_route=\/wp\/v2\/types\/post"}],"author":[{"embeddable":true,"href":"https:\/\/theworldwidejournal.com\/index.php?rest_route=\/wp\/v2\/users\/2"}],"replies":[{"embeddable":true,"href":"https:\/\/theworldwidejournal.com\/index.php?rest_route=%2Fwp%2Fv2%2Fcomments&post=11377"}],"version-history":[{"count":0,"href":"https:\/\/theworldwidejournal.com\/index.php?rest_route=\/wp\/v2\/posts\/11377\/revisions"}],"wp:attachment":[{"href":"https:\/\/theworldwidejournal.com\/index.php?rest_route=%2Fwp%2Fv2%2Fmedia&parent=11377"}],"wp:term":[{"taxonomy":"category","embeddable":true,"href":"https:\/\/theworldwidejournal.com\/index.php?rest_route=%2Fwp%2Fv2%2Fcategories&post=11377"},{"taxonomy":"post_tag","embeddable":true,"href":"https:\/\/theworldwidejournal.com\/index.php?rest_route=%2Fwp%2Fv2%2Ftags&post=11377"}],"curies":[{"name":"wp","href":"https:\/\/api.w.org\/{rel}","templated":true}]}}